{"id":31276,"date":"2022-11-24T08:10:20","date_gmt":"2022-11-24T11:10:20","guid":{"rendered":"https:\/\/equalisveterinaria-ne.com.br\/?p=31276"},"modified":"2022-12-07T16:19:01","modified_gmt":"2022-12-07T19:19:01","slug":"janela-paraesternal-esquerda-apical-corte-longitudinal","status":"publish","type":"post","link":"https:\/\/equalisveterinaria-ne.com.br\/cursos\/janela-paraesternal-esquerda-apical-corte-longitudinal\/","title":{"rendered":"Janela paraesternal esquerda apical \u2013 corte longitudinal"},"content":{"rendered":"<p>[vc_row][vc_column][vc_column_text]<strong>Janela paraesternal esquerda apical \u2013 corte longitudinal<\/strong><\/p>\n<p style=\"text-align: justify;\">Para visibilizar a janela paraesternal esquerda apical direciona-se o feixe de ultrassom dorsalmente e cranialmente ao longo do comprimento do cora\u00e7\u00e3o com o transdutor pr\u00f3ximo ao esterno. Os principais cortes apresentados na janela paraesternal esquerda apical em corte longitudinal s\u00e3o quatro c\u00e2maras e cinco c\u00e2maras. Nestes cortes \u00e9 poss\u00edvel a visualiza\u00e7\u00e3o de ambos os \u00e1trios e ventr\u00edculos, v\u00e1lvula tric\u00faspide e mitral, septo interventricular e parede livre do ventr\u00edculo esquerdo, com a diferen\u00e7a que no corte das cinco c\u00e2maras visibiliza-se a aorta e a v\u00e1lvula a\u00f3rtica. Para visibilizar a janela paraesternal esquerda apical direciona-se o feixe de ultrassom dorsalmente e cranialmente ao longo do comprimento do cora\u00e7\u00e3o com o transdutor pr\u00f3ximo ao esterno. Os principais cortes apresentados nesta janela s\u00e3o quatro c\u00e2maras e cinco c\u00e2maras. Nestes cortes \u00e9 poss\u00edvel a visualiza\u00e7\u00e3o de ambos os \u00e1trios e ventr\u00edculos, v\u00e1lvula tric\u00faspide e mitral, septo interventricular e parede livre do ventr\u00edculo esquerdo, com a diferen\u00e7a que no corte das cinco c\u00e2maras visibiliza-se a aorta e a v\u00e1lvula a\u00f3rtica.<\/p>\n<p style=\"text-align: justify;\">&nbsp;&nbsp;&nbsp;&nbsp;&nbsp;&nbsp;&nbsp;&nbsp;&nbsp;&nbsp;&nbsp; No corte quatro c\u00e2maras avalia-se subjetivamente o tamanho de c\u00e2maras card\u00edacas em modo-B. O Doppler colorido \u00e9 posicionado na v\u00e1lvula mitral e tric\u00faspide para avaliar a presen\u00e7a de refluxo ou fluxo turbulento. O Doppler espectral \u00e9 posicionado logo ap\u00f3s a sa\u00edda da v\u00e1lvula mitral para avaliar a velocidade do fluxo sangu\u00edneo. O resultado s\u00e3o duas ondas positivas, sendo a primeira onda (onda E), de maior amplitude, que indica o enchimento r\u00e1pido do VE; e a segunda onda (onda A), de menor amplitude, corresponde \u00e0 contra\u00e7\u00e3o atrial esquerda. O valor normal para onda E tem de ser menor que 1 m\/s e para onda A deve ser menor que 0,75 m\/s. Calcula-se a raz\u00e3o da onda E com a onda A e o valor normal para esta raz\u00e3o deve estar no intervalo de 1,04 a 2,42. Em modo-M avalia-se o MAM e ESPAT, sendo a avalia\u00e7\u00e3o do MAM realizada na inser\u00e7\u00e3o da v\u00e1lvula mitral no SIV e o ESPAT na inser\u00e7\u00e3o da v\u00e1lvula tric\u00faspide na parede livre do ventr\u00edculo direito.<\/p>\n<p style=\"text-align: justify;\">&nbsp;&nbsp;&nbsp;&nbsp;&nbsp;&nbsp;&nbsp;&nbsp;&nbsp;&nbsp;&nbsp; No corte longitudinal cinco c\u00e2maras, posiciona-se o Doppler colorido na v\u00e1lvula a\u00f3rtica para visibilizar a presen\u00e7a de refluxo ou fluxo turbulento. Para avalia\u00e7\u00e3o do Doppler espectral posiciona-se a amostra do logo ap\u00f3s a sa\u00edda da v\u00e1lvula a\u00f3rtica para avaliar a velocidade do fluxo a\u00f3rtico. A onda formada ser\u00e1 uma onda negativa com acelera\u00e7\u00e3o r\u00e1pida e desacelera\u00e7\u00e3o mais lenta e seu valor n\u00e3o deve ultrapassar 2,5 m\/s. Ao se posicionar a amostra do Doppler pulsado entre o fluxo a\u00f3rtico e o fluxo mitral \u00e9 poss\u00edvel obter o valor do tempo de relaxamento isovolum\u00e9trico (TRIV). Haver\u00e1 visibiliza\u00e7\u00e3o de duas ondas positivas (ondas E e A) e uma onda negativa (fluxo a\u00f3rtico), por\u00e9m todas com valores subestimados devido \u00e0 localiza\u00e7\u00e3o da amostra. A medida da TRIV \u00e9 temporal, sendo realizada a partir do final da onda do fluxo a\u00f3rtico at\u00e9 o in\u00edcio da onda E e seu valor normal varia de 38 a 54 ms.<\/p>\n<p>[\/vc_column_text][vc_empty_space height=&#8221;12px&#8221;][vc_column_text]<strong>Janela paraesternal esquerda apical \u2013 corte longitudinal<\/strong><\/p>\n<p style=\"text-align: justify;\">Movimentando o transdutor para uma posi\u00e7\u00e3o cranial ao cora\u00e7\u00e3o, entre o 4\u00ba ou 5\u00ba espa\u00e7o intercostal, e com os feixes de ultrassom direcionados dorso-caudalmente, paralelos ao eixo maior do cora\u00e7\u00e3o, visibiliza-se a janela paraesternal cranial esquerda em corte longitudinal, onde se obt\u00e9m as imagens de via de sa\u00edda do VE, \u00e1trio e aur\u00edcula direita e via de sa\u00edda do VD.<\/p>\n<p style=\"text-align: justify;\">A imagem de sa\u00edda do VE \u00e9 muito semelhante com a imagem formada em janela paraesternal direita, por\u00e9m com as seguintes diferen\u00e7as: n\u00e3o visibiliza\u00e7\u00e3o da v\u00e1lvula tric\u00faspide ou do \u00e1trio direito e a visibiliza\u00e7\u00e3o da art\u00e9ria pulmonar acima da aorta ascendente. Na imagem denominada \u00e1trio e aur\u00edcula direita \u00e9 poss\u00edvel visibilizar \u00e1trio direito, v\u00e1lvula tric\u00faspide e aur\u00edcula direita e os dois ventr\u00edculos. Partindo da imagem da via de sa\u00edda do VE e posicionando o transdutor paralelamente \u00e0 mesa de exame, visibiliza-se a via de sa\u00edda do VD onde se observa a art\u00e9ria pulmonar, v\u00e1lvula pulmonar, ventr\u00edculo e \u00e1trio esquerdo.<\/p>\n<p style=\"text-align: justify;\">A avalia\u00e7\u00e3o realizada na janela paraesternal esquerda cranial em corte longitudinal limita-se \u00e0 avalia\u00e7\u00e3o subjetiva e utiliza\u00e7\u00e3o do Doppler colorido e pulsado no corte com \u00e1trio e VD assim como na imagem da via de sa\u00edda do VE, avaliando-se a presen\u00e7a ou aus\u00eancia de refluxo.<\/p>\n<p>[\/vc_column_text][\/vc_column][\/vc_row]<\/p>\n","protected":false},"excerpt":{"rendered":"<p>Para visibilizar a janela paraesternal esquerda apical direciona-se o feixe de ultrassom dorsalmente e cranialmente ao longo do comprimento do cora\u00e7\u00e3o com o transdutor pr\u00f3ximo ao esterno. Os principais cortes apresentados na janela paraesternal esquerda apical em corte longitudinal s\u00e3o quatro c\u00e2maras e cinco c\u00e2maras. Nestes cortes \u00e9 poss\u00edvel a visualiza\u00e7\u00e3o de ambos os \u00e1trios e ventr\u00edculos, v\u00e1lvula tric\u00faspide e mitral, septo interventricular e parede livre do ventr\u00edculo esquerdo, com a diferen\u00e7a que no corte das cinco c\u00e2maras visibiliza-se a aorta e a v\u00e1lvula a\u00f3rtica. Para visibilizar a janela paraesternal esquerda apical direciona-se o feixe de ultrassom dorsalmente e cranialmente ao longo do comprimento do cora\u00e7\u00e3o com o transdutor pr\u00f3ximo ao esterno. Os principais cortes apresentados nesta janela s\u00e3o quatro c\u00e2maras e cinco c\u00e2maras. Nestes cortes \u00e9 poss\u00edvel a visualiza\u00e7\u00e3o de ambos os \u00e1trios e ventr\u00edculos, v\u00e1lvula tric\u00faspide e mitral, septo interventricular e parede livre do ventr\u00edculo esquerdo, com a diferen\u00e7a que no corte das cinco c\u00e2maras visibiliza-se a aorta e a v\u00e1lvula a\u00f3rtica.<\/p>\n","protected":false},"author":329,"featured_media":31298,"comment_status":"closed","ping_status":"closed","sticky":false,"template":"","format":"standard","meta":{"ngg_post_thumbnail":0},"categories":[1],"tags":[581],"acf":[],"yoast_head":"<!-- This site is optimized with the Yoast SEO plugin v18.4.1 - https:\/\/yoast.com\/wordpress\/plugins\/seo\/ -->\n<title>Janela paraesternal esquerda apical \u2013 corte longitudinal - Equalis Nordeste - Cursos de P\u00f3s Gradua\u00e7\u00e3o em Medicina Veterin\u00e1ria<\/title>\n<meta name=\"robots\" content=\"index, follow, max-snippet:-1, max-image-preview:large, max-video-preview:-1\" \/>\n<link rel=\"canonical\" href=\"https:\/\/equalisveterinaria-ne.com.br\/cursos\/janela-paraesternal-esquerda-apical-corte-longitudinal\/\" \/>\n<meta property=\"og:locale\" content=\"pt_BR\" \/>\n<meta property=\"og:type\" content=\"article\" \/>\n<meta property=\"og:title\" content=\"Janela paraesternal esquerda apical \u2013 corte longitudinal - Equalis Nordeste - Cursos de P\u00f3s Gradua\u00e7\u00e3o em Medicina Veterin\u00e1ria\" \/>\n<meta property=\"og:description\" content=\"Para visibilizar a janela paraesternal esquerda apical direciona-se o feixe de ultrassom dorsalmente e cranialmente ao longo do comprimento do cora\u00e7\u00e3o com o transdutor pr\u00f3ximo ao esterno. Os principais cortes apresentados na janela paraesternal esquerda apical em corte longitudinal s\u00e3o quatro c\u00e2maras e cinco c\u00e2maras. Nestes cortes \u00e9 poss\u00edvel a visualiza\u00e7\u00e3o de ambos os \u00e1trios e ventr\u00edculos, v\u00e1lvula tric\u00faspide e mitral, septo interventricular e parede livre do ventr\u00edculo esquerdo, com a diferen\u00e7a que no corte das cinco c\u00e2maras visibiliza-se a aorta e a v\u00e1lvula a\u00f3rtica. Para visibilizar a janela paraesternal esquerda apical direciona-se o feixe de ultrassom dorsalmente e cranialmente ao longo do comprimento do cora\u00e7\u00e3o com o transdutor pr\u00f3ximo ao esterno. Os principais cortes apresentados nesta janela s\u00e3o quatro c\u00e2maras e cinco c\u00e2maras. Nestes cortes \u00e9 poss\u00edvel a visualiza\u00e7\u00e3o de ambos os \u00e1trios e ventr\u00edculos, v\u00e1lvula tric\u00faspide e mitral, septo interventricular e parede livre do ventr\u00edculo esquerdo, com a diferen\u00e7a que no corte das cinco c\u00e2maras visibiliza-se a aorta e a v\u00e1lvula a\u00f3rtica.\" \/>\n<meta property=\"og:url\" content=\"https:\/\/equalisveterinaria-ne.com.br\/cursos\/janela-paraesternal-esquerda-apical-corte-longitudinal\/\" \/>\n<meta property=\"og:site_name\" content=\"Equalis Nordeste - Cursos de P\u00f3s Gradua\u00e7\u00e3o em Medicina Veterin\u00e1ria\" \/>\n<meta property=\"article:published_time\" content=\"2022-11-24T11:10:20+00:00\" \/>\n<meta property=\"article:modified_time\" content=\"2022-12-07T19:19:01+00:00\" \/>\n<meta property=\"og:image\" content=\"https:\/\/equalisveterinaria-ne.com.br\/cursos\/wp-content\/uploads\/2022\/11\/Furosemida-ou-Torasemida-new-dani.jpeg\" \/>\n\t<meta property=\"og:image:width\" content=\"251\" \/>\n\t<meta property=\"og:image:height\" content=\"201\" \/>\n\t<meta property=\"og:image:type\" content=\"image\/jpeg\" \/>\n<meta name=\"twitter:card\" content=\"summary_large_image\" \/>\n<meta name=\"twitter:label1\" content=\"Escrito por\" \/>\n\t<meta name=\"twitter:data1\" content=\"Afonso Reis\" \/>\n\t<meta name=\"twitter:label2\" content=\"Est. tempo de leitura\" \/>\n\t<meta name=\"twitter:data2\" content=\"4 minutos\" \/>\n<script type=\"application\/ld+json\" class=\"yoast-schema-graph\">{\"@context\":\"https:\/\/schema.org\",\"@graph\":[{\"@type\":\"Organization\",\"@id\":\"https:\/\/equalisveterinaria-ne.com.br\/cursos\/#organization\",\"name\":\"Equalis Veterin\u00e1ria\",\"url\":\"https:\/\/equalisveterinaria-ne.com.br\/cursos\/\",\"sameAs\":[],\"logo\":{\"@type\":\"ImageObject\",\"@id\":\"https:\/\/equalisveterinaria-ne.com.br\/cursos\/#logo\",\"inLanguage\":\"pt-BR\",\"url\":\"https:\/\/equalisveterinaria-ne.com.br\/cursos\/wp-content\/uploads\/2019\/10\/logo-fixed.png\",\"contentUrl\":\"https:\/\/equalisveterinaria-ne.com.br\/cursos\/wp-content\/uploads\/2019\/10\/logo-fixed.png\",\"width\":164,\"height\":49,\"caption\":\"Equalis Veterin\u00e1ria\"},\"image\":{\"@id\":\"https:\/\/equalisveterinaria-ne.com.br\/cursos\/#logo\"}},{\"@type\":\"WebSite\",\"@id\":\"https:\/\/equalisveterinaria-ne.com.br\/cursos\/#website\",\"url\":\"https:\/\/equalisveterinaria-ne.com.br\/cursos\/\",\"name\":\"Equalis Nordeste - Cursos de P\u00f3s Gradua\u00e7\u00e3o em Medicina Veterin\u00e1ria\",\"description\":\"Educa\u00e7\u00e3o em Medicina Veterin\u00e1ria\",\"publisher\":{\"@id\":\"https:\/\/equalisveterinaria-ne.com.br\/cursos\/#organization\"},\"potentialAction\":[{\"@type\":\"SearchAction\",\"target\":{\"@type\":\"EntryPoint\",\"urlTemplate\":\"https:\/\/equalisveterinaria-ne.com.br\/cursos\/?s={search_term_string}\"},\"query-input\":\"required name=search_term_string\"}],\"inLanguage\":\"pt-BR\"},{\"@type\":\"ImageObject\",\"@id\":\"https:\/\/equalisveterinaria-ne.com.br\/cursos\/janela-paraesternal-esquerda-apical-corte-longitudinal\/#primaryimage\",\"inLanguage\":\"pt-BR\",\"url\":\"https:\/\/equalisveterinaria-ne.com.br\/cursos\/wp-content\/uploads\/2022\/11\/Furosemida-ou-Torasemida-new-dani.jpeg\",\"contentUrl\":\"https:\/\/equalisveterinaria-ne.com.br\/cursos\/wp-content\/uploads\/2022\/11\/Furosemida-ou-Torasemida-new-dani.jpeg\",\"width\":251,\"height\":201},{\"@type\":\"WebPage\",\"@id\":\"https:\/\/equalisveterinaria-ne.com.br\/cursos\/janela-paraesternal-esquerda-apical-corte-longitudinal\/#webpage\",\"url\":\"https:\/\/equalisveterinaria-ne.com.br\/cursos\/janela-paraesternal-esquerda-apical-corte-longitudinal\/\",\"name\":\"Janela paraesternal esquerda apical \u2013 corte longitudinal - Equalis Nordeste - Cursos de P\u00f3s Gradua\u00e7\u00e3o em Medicina Veterin\u00e1ria\",\"isPartOf\":{\"@id\":\"https:\/\/equalisveterinaria-ne.com.br\/cursos\/#website\"},\"primaryImageOfPage\":{\"@id\":\"https:\/\/equalisveterinaria-ne.com.br\/cursos\/janela-paraesternal-esquerda-apical-corte-longitudinal\/#primaryimage\"},\"datePublished\":\"2022-11-24T11:10:20+00:00\",\"dateModified\":\"2022-12-07T19:19:01+00:00\",\"breadcrumb\":{\"@id\":\"https:\/\/equalisveterinaria-ne.com.br\/cursos\/janela-paraesternal-esquerda-apical-corte-longitudinal\/#breadcrumb\"},\"inLanguage\":\"pt-BR\",\"potentialAction\":[{\"@type\":\"ReadAction\",\"target\":[\"https:\/\/equalisveterinaria-ne.com.br\/cursos\/janela-paraesternal-esquerda-apical-corte-longitudinal\/\"]}]},{\"@type\":\"BreadcrumbList\",\"@id\":\"https:\/\/equalisveterinaria-ne.com.br\/cursos\/janela-paraesternal-esquerda-apical-corte-longitudinal\/#breadcrumb\",\"itemListElement\":[{\"@type\":\"ListItem\",\"position\":1,\"name\":\"Home\",\"item\":\"https:\/\/equalisveterinaria-ne.com.br\/cursos\/\"},{\"@type\":\"ListItem\",\"position\":2,\"name\":\"Janela paraesternal esquerda apical \u2013 corte longitudinal\"}]},{\"@type\":\"Article\",\"@id\":\"https:\/\/equalisveterinaria-ne.com.br\/cursos\/janela-paraesternal-esquerda-apical-corte-longitudinal\/#article\",\"isPartOf\":{\"@id\":\"https:\/\/equalisveterinaria-ne.com.br\/cursos\/janela-paraesternal-esquerda-apical-corte-longitudinal\/#webpage\"},\"author\":{\"@id\":\"https:\/\/equalisveterinaria-ne.com.br\/cursos\/#\/schema\/person\/7c6b45c8fcfb06adf1a3ce0d9af62712\"},\"headline\":\"Janela paraesternal esquerda apical \u2013 corte longitudinal\",\"datePublished\":\"2022-11-24T11:10:20+00:00\",\"dateModified\":\"2022-12-07T19:19:01+00:00\",\"mainEntityOfPage\":{\"@id\":\"https:\/\/equalisveterinaria-ne.com.br\/cursos\/janela-paraesternal-esquerda-apical-corte-longitudinal\/#webpage\"},\"wordCount\":845,\"publisher\":{\"@id\":\"https:\/\/equalisveterinaria-ne.com.br\/cursos\/#organization\"},\"image\":{\"@id\":\"https:\/\/equalisveterinaria-ne.com.br\/cursos\/janela-paraesternal-esquerda-apical-corte-longitudinal\/#primaryimage\"},\"thumbnailUrl\":\"https:\/\/equalisveterinaria-ne.com.br\/cursos\/wp-content\/uploads\/2022\/11\/Furosemida-ou-Torasemida-new-dani.jpeg\",\"keywords\":[\"ancylostoma caninum\"],\"articleSection\":[\"Blog\"],\"inLanguage\":\"pt-BR\"},{\"@type\":\"Person\",\"@id\":\"https:\/\/equalisveterinaria-ne.com.br\/cursos\/#\/schema\/person\/7c6b45c8fcfb06adf1a3ce0d9af62712\",\"name\":\"Afonso Reis\",\"image\":{\"@type\":\"ImageObject\",\"@id\":\"https:\/\/equalisveterinaria-ne.com.br\/cursos\/#personlogo\",\"inLanguage\":\"pt-BR\",\"url\":\"https:\/\/secure.gravatar.com\/avatar\/a354e887f2cf1f9c84857e2618ef8e18?s=96&d=mm&r=g\",\"contentUrl\":\"https:\/\/secure.gravatar.com\/avatar\/a354e887f2cf1f9c84857e2618ef8e18?s=96&d=mm&r=g\",\"caption\":\"Afonso Reis\"}}]}<\/script>\n<!-- \/ Yoast SEO plugin. -->","yoast_head_json":{"title":"Janela paraesternal esquerda apical \u2013 corte longitudinal - Equalis Nordeste - Cursos de P\u00f3s Gradua\u00e7\u00e3o em Medicina Veterin\u00e1ria","robots":{"index":"index","follow":"follow","max-snippet":"max-snippet:-1","max-image-preview":"max-image-preview:large","max-video-preview":"max-video-preview:-1"},"canonical":"https:\/\/equalisveterinaria-ne.com.br\/cursos\/janela-paraesternal-esquerda-apical-corte-longitudinal\/","og_locale":"pt_BR","og_type":"article","og_title":"Janela paraesternal esquerda apical \u2013 corte longitudinal - Equalis Nordeste - Cursos de P\u00f3s Gradua\u00e7\u00e3o em Medicina Veterin\u00e1ria","og_description":"Para visibilizar a janela paraesternal esquerda apical direciona-se o feixe de ultrassom dorsalmente e cranialmente ao longo do comprimento do cora\u00e7\u00e3o com o transdutor pr\u00f3ximo ao esterno. Os principais cortes apresentados na janela paraesternal esquerda apical em corte longitudinal s\u00e3o quatro c\u00e2maras e cinco c\u00e2maras. Nestes cortes \u00e9 poss\u00edvel a visualiza\u00e7\u00e3o de ambos os \u00e1trios e ventr\u00edculos, v\u00e1lvula tric\u00faspide e mitral, septo interventricular e parede livre do ventr\u00edculo esquerdo, com a diferen\u00e7a que no corte das cinco c\u00e2maras visibiliza-se a aorta e a v\u00e1lvula a\u00f3rtica. Para visibilizar a janela paraesternal esquerda apical direciona-se o feixe de ultrassom dorsalmente e cranialmente ao longo do comprimento do cora\u00e7\u00e3o com o transdutor pr\u00f3ximo ao esterno. Os principais cortes apresentados nesta janela s\u00e3o quatro c\u00e2maras e cinco c\u00e2maras. Nestes cortes \u00e9 poss\u00edvel a visualiza\u00e7\u00e3o de ambos os \u00e1trios e ventr\u00edculos, v\u00e1lvula tric\u00faspide e mitral, septo interventricular e parede livre do ventr\u00edculo esquerdo, com a diferen\u00e7a que no corte das cinco c\u00e2maras visibiliza-se a aorta e a v\u00e1lvula a\u00f3rtica.","og_url":"https:\/\/equalisveterinaria-ne.com.br\/cursos\/janela-paraesternal-esquerda-apical-corte-longitudinal\/","og_site_name":"Equalis Nordeste - Cursos de P\u00f3s Gradua\u00e7\u00e3o em Medicina Veterin\u00e1ria","article_published_time":"2022-11-24T11:10:20+00:00","article_modified_time":"2022-12-07T19:19:01+00:00","og_image":[{"width":251,"height":201,"url":"https:\/\/equalisveterinaria-ne.com.br\/cursos\/wp-content\/uploads\/2022\/11\/Furosemida-ou-Torasemida-new-dani.jpeg","type":"image\/jpeg"}],"twitter_card":"summary_large_image","twitter_misc":{"Escrito por":"Afonso Reis","Est. tempo de leitura":"4 minutos"},"schema":{"@context":"https:\/\/schema.org","@graph":[{"@type":"Organization","@id":"https:\/\/equalisveterinaria-ne.com.br\/cursos\/#organization","name":"Equalis Veterin\u00e1ria","url":"https:\/\/equalisveterinaria-ne.com.br\/cursos\/","sameAs":[],"logo":{"@type":"ImageObject","@id":"https:\/\/equalisveterinaria-ne.com.br\/cursos\/#logo","inLanguage":"pt-BR","url":"https:\/\/equalisveterinaria-ne.com.br\/cursos\/wp-content\/uploads\/2019\/10\/logo-fixed.png","contentUrl":"https:\/\/equalisveterinaria-ne.com.br\/cursos\/wp-content\/uploads\/2019\/10\/logo-fixed.png","width":164,"height":49,"caption":"Equalis Veterin\u00e1ria"},"image":{"@id":"https:\/\/equalisveterinaria-ne.com.br\/cursos\/#logo"}},{"@type":"WebSite","@id":"https:\/\/equalisveterinaria-ne.com.br\/cursos\/#website","url":"https:\/\/equalisveterinaria-ne.com.br\/cursos\/","name":"Equalis Nordeste - Cursos de P\u00f3s Gradua\u00e7\u00e3o em Medicina Veterin\u00e1ria","description":"Educa\u00e7\u00e3o em Medicina Veterin\u00e1ria","publisher":{"@id":"https:\/\/equalisveterinaria-ne.com.br\/cursos\/#organization"},"potentialAction":[{"@type":"SearchAction","target":{"@type":"EntryPoint","urlTemplate":"https:\/\/equalisveterinaria-ne.com.br\/cursos\/?s={search_term_string}"},"query-input":"required name=search_term_string"}],"inLanguage":"pt-BR"},{"@type":"ImageObject","@id":"https:\/\/equalisveterinaria-ne.com.br\/cursos\/janela-paraesternal-esquerda-apical-corte-longitudinal\/#primaryimage","inLanguage":"pt-BR","url":"https:\/\/equalisveterinaria-ne.com.br\/cursos\/wp-content\/uploads\/2022\/11\/Furosemida-ou-Torasemida-new-dani.jpeg","contentUrl":"https:\/\/equalisveterinaria-ne.com.br\/cursos\/wp-content\/uploads\/2022\/11\/Furosemida-ou-Torasemida-new-dani.jpeg","width":251,"height":201},{"@type":"WebPage","@id":"https:\/\/equalisveterinaria-ne.com.br\/cursos\/janela-paraesternal-esquerda-apical-corte-longitudinal\/#webpage","url":"https:\/\/equalisveterinaria-ne.com.br\/cursos\/janela-paraesternal-esquerda-apical-corte-longitudinal\/","name":"Janela paraesternal esquerda apical \u2013 corte longitudinal - Equalis Nordeste - Cursos de P\u00f3s Gradua\u00e7\u00e3o em Medicina Veterin\u00e1ria","isPartOf":{"@id":"https:\/\/equalisveterinaria-ne.com.br\/cursos\/#website"},"primaryImageOfPage":{"@id":"https:\/\/equalisveterinaria-ne.com.br\/cursos\/janela-paraesternal-esquerda-apical-corte-longitudinal\/#primaryimage"},"datePublished":"2022-11-24T11:10:20+00:00","dateModified":"2022-12-07T19:19:01+00:00","breadcrumb":{"@id":"https:\/\/equalisveterinaria-ne.com.br\/cursos\/janela-paraesternal-esquerda-apical-corte-longitudinal\/#breadcrumb"},"inLanguage":"pt-BR","potentialAction":[{"@type":"ReadAction","target":["https:\/\/equalisveterinaria-ne.com.br\/cursos\/janela-paraesternal-esquerda-apical-corte-longitudinal\/"]}]},{"@type":"BreadcrumbList","@id":"https:\/\/equalisveterinaria-ne.com.br\/cursos\/janela-paraesternal-esquerda-apical-corte-longitudinal\/#breadcrumb","itemListElement":[{"@type":"ListItem","position":1,"name":"Home","item":"https:\/\/equalisveterinaria-ne.com.br\/cursos\/"},{"@type":"ListItem","position":2,"name":"Janela paraesternal esquerda apical \u2013 corte longitudinal"}]},{"@type":"Article","@id":"https:\/\/equalisveterinaria-ne.com.br\/cursos\/janela-paraesternal-esquerda-apical-corte-longitudinal\/#article","isPartOf":{"@id":"https:\/\/equalisveterinaria-ne.com.br\/cursos\/janela-paraesternal-esquerda-apical-corte-longitudinal\/#webpage"},"author":{"@id":"https:\/\/equalisveterinaria-ne.com.br\/cursos\/#\/schema\/person\/7c6b45c8fcfb06adf1a3ce0d9af62712"},"headline":"Janela paraesternal esquerda apical \u2013 corte longitudinal","datePublished":"2022-11-24T11:10:20+00:00","dateModified":"2022-12-07T19:19:01+00:00","mainEntityOfPage":{"@id":"https:\/\/equalisveterinaria-ne.com.br\/cursos\/janela-paraesternal-esquerda-apical-corte-longitudinal\/#webpage"},"wordCount":845,"publisher":{"@id":"https:\/\/equalisveterinaria-ne.com.br\/cursos\/#organization"},"image":{"@id":"https:\/\/equalisveterinaria-ne.com.br\/cursos\/janela-paraesternal-esquerda-apical-corte-longitudinal\/#primaryimage"},"thumbnailUrl":"https:\/\/equalisveterinaria-ne.com.br\/cursos\/wp-content\/uploads\/2022\/11\/Furosemida-ou-Torasemida-new-dani.jpeg","keywords":["ancylostoma caninum"],"articleSection":["Blog"],"inLanguage":"pt-BR"},{"@type":"Person","@id":"https:\/\/equalisveterinaria-ne.com.br\/cursos\/#\/schema\/person\/7c6b45c8fcfb06adf1a3ce0d9af62712","name":"Afonso Reis","image":{"@type":"ImageObject","@id":"https:\/\/equalisveterinaria-ne.com.br\/cursos\/#personlogo","inLanguage":"pt-BR","url":"https:\/\/secure.gravatar.com\/avatar\/a354e887f2cf1f9c84857e2618ef8e18?s=96&d=mm&r=g","contentUrl":"https:\/\/secure.gravatar.com\/avatar\/a354e887f2cf1f9c84857e2618ef8e18?s=96&d=mm&r=g","caption":"Afonso Reis"}}]}},"_links":{"self":[{"href":"https:\/\/equalisveterinaria-ne.com.br\/cursos\/wp-json\/wp\/v2\/posts\/31276"}],"collection":[{"href":"https:\/\/equalisveterinaria-ne.com.br\/cursos\/wp-json\/wp\/v2\/posts"}],"about":[{"href":"https:\/\/equalisveterinaria-ne.com.br\/cursos\/wp-json\/wp\/v2\/types\/post"}],"author":[{"embeddable":true,"href":"https:\/\/equalisveterinaria-ne.com.br\/cursos\/wp-json\/wp\/v2\/users\/329"}],"replies":[{"embeddable":true,"href":"https:\/\/equalisveterinaria-ne.com.br\/cursos\/wp-json\/wp\/v2\/comments?post=31276"}],"version-history":[{"count":4,"href":"https:\/\/equalisveterinaria-ne.com.br\/cursos\/wp-json\/wp\/v2\/posts\/31276\/revisions"}],"predecessor-version":[{"id":31281,"href":"https:\/\/equalisveterinaria-ne.com.br\/cursos\/wp-json\/wp\/v2\/posts\/31276\/revisions\/31281"}],"wp:featuredmedia":[{"embeddable":true,"href":"https:\/\/equalisveterinaria-ne.com.br\/cursos\/wp-json\/wp\/v2\/media\/31298"}],"wp:attachment":[{"href":"https:\/\/equalisveterinaria-ne.com.br\/cursos\/wp-json\/wp\/v2\/media?parent=31276"}],"wp:term":[{"taxonomy":"category","embeddable":true,"href":"https:\/\/equalisveterinaria-ne.com.br\/cursos\/wp-json\/wp\/v2\/categories?post=31276"},{"taxonomy":"post_tag","embeddable":true,"href":"https:\/\/equalisveterinaria-ne.com.br\/cursos\/wp-json\/wp\/v2\/tags?post=31276"}],"curies":[{"name":"wp","href":"https:\/\/api.w.org\/{rel}","templated":true}]}}