{"id":31329,"date":"2022-12-15T20:44:55","date_gmt":"2022-12-15T23:44:55","guid":{"rendered":"https:\/\/equalisveterinaria-ne.com.br\/?p=31329"},"modified":"2022-12-15T20:52:59","modified_gmt":"2022-12-15T23:52:59","slug":"adenite-sebacea-em-caes","status":"publish","type":"post","link":"https:\/\/equalisveterinaria-ne.com.br\/cursos\/adenite-sebacea-em-caes\/","title":{"rendered":"ADENITE SEB\u00c1CEA EM C\u00c3ES"},"content":{"rendered":"<p>Adenite seb\u00e1cea \u00e9 um dist\u00farbio disquerat\u00f3tico cr\u00f4nico, caracterizado pela degenera\u00e7\u00e3o e atrofia p\u00f3s-inflamat\u00f3ria das gl\u00e2ndulas seb\u00e1ceas. Trata-se de uma dermatopatia incomum, associada a algumas ra\u00e7as de c\u00e3es, por\u00e9m sua etiologia e patogenia ainda n\u00e3o est\u00e3o bem definidas.<\/p>\n<p>N\u00e3o h\u00e1 predile\u00e7\u00e3o por sexo, podendo atingir c\u00e3es adultos jovens e de meia idade. V\u00e1rias ra\u00e7as t\u00eam sido descritas como predispostas a doen\u00e7a, principalmente Poodle Standard, Akita, Samoieda, Viszla e Lhasa apso.<\/p>\n<p>As hip\u00f3teses relacionadas \u00e0 patogenia da adenite seb\u00e1cea incluem altera\u00e7\u00f5es gen\u00e9ticas estruturais prim\u00e1rias da gl\u00e2ndula ou dos ductos seb\u00e1ceos, resposta imunomediada contra ant\u00edgenos presentes nos componentes da gl\u00e2ndula ou da secre\u00e7\u00e3o seb\u00e1cea; anormalidades da cornifica\u00e7\u00e3o, ou defeito no metabolismo dos lip\u00eddeos. A adenite seb\u00e1cea tamb\u00e9m pode se desenvolver secundariamente a determinadas doen\u00e7as, sendo observada em v\u00e1rias doen\u00e7as de base, tais como a leishmaniose, a demodiciose, alergia alimentar e s\u00edndromes \u00faveo-dermatol\u00f3gicas.<\/p>\n<p>Os sinais cl\u00ednicos s\u00e3o vari\u00e1veis, e dependem do tipo de pelagem e ra\u00e7a do animal. As manifesta\u00e7\u00f5es clinicas mais comuns da adenite seb\u00e1ceas s\u00e3o descama\u00e7\u00e3o progressiva sim\u00e9trica e alopecia associada \u00e0 seborreia seca. As \u00e1reas acometidas geralmente s\u00e3o as orelhas, face, cabe\u00e7a e tronco (Figura 1).<\/p>\n<p><img loading=\"lazy\" class=\"alignnone size-medium wp-image-31330\" src=\"https:\/\/equalisveterinaria-ne.com.br\/cursos\/wp-content\/uploads\/2022\/12\/ADENITE--300x225.jpg\" alt=\"\" width=\"300\" height=\"225\" srcset=\"https:\/\/equalisveterinaria-ne.com.br\/cursos\/wp-content\/uploads\/2022\/12\/ADENITE--300x225.jpg 300w, https:\/\/equalisveterinaria-ne.com.br\/cursos\/wp-content\/uploads\/2022\/12\/ADENITE--100x75.jpg 100w, https:\/\/equalisveterinaria-ne.com.br\/cursos\/wp-content\/uploads\/2022\/12\/ADENITE--600x450.jpg 600w, https:\/\/equalisveterinaria-ne.com.br\/cursos\/wp-content\/uploads\/2022\/12\/ADENITE-.jpg 640w\" sizes=\"(max-width: 300px) 100vw, 300px\" \/><img loading=\"lazy\" class=\"alignnone size-medium wp-image-31331\" src=\"https:\/\/equalisveterinaria-ne.com.br\/cursos\/wp-content\/uploads\/2022\/12\/ADENITE-B-300x225.jpg\" alt=\"\" width=\"300\" height=\"225\" srcset=\"https:\/\/equalisveterinaria-ne.com.br\/cursos\/wp-content\/uploads\/2022\/12\/ADENITE-B-300x225.jpg 300w, https:\/\/equalisveterinaria-ne.com.br\/cursos\/wp-content\/uploads\/2022\/12\/ADENITE-B-100x75.jpg 100w, https:\/\/equalisveterinaria-ne.com.br\/cursos\/wp-content\/uploads\/2022\/12\/ADENITE-B-600x450.jpg 600w, https:\/\/equalisveterinaria-ne.com.br\/cursos\/wp-content\/uploads\/2022\/12\/ADENITE-B.jpg 640w\" sizes=\"(max-width: 300px) 100vw, 300px\" \/><\/p>\n<p><strong>Figura 1<\/strong> Eritema, descama\u00e7\u00e3o e alopecia em <strong>a)<\/strong> face dorsal das orelhas e <strong>b)<\/strong> regi\u00e3o dorsal<\/p>\n<p>O prurido normalmente n\u00e3o est\u00e1 presente, mas nos casos em que existe infec\u00e7\u00e3o secund\u00e1ria por bact\u00e9rias ou malassezia, pode ser observado.<\/p>\n<p>Os diagn\u00f3sticos diferenciais para les\u00f5es hiperquerat\u00f3ticas oriundas da adenite seb\u00e1cea devem incluir seborreia prim\u00e1ria, dermatose responsiva a vitamina A, foliculite estafiloc\u00f3cica, demodicidose e dermatofitose.<\/p>\n<p>Por outro lado, o diagn\u00f3stico da adenite seb\u00e1cea se baseia na ra\u00e7a do animal, nos sinais cl\u00ednicos, e nos achados da an\u00e1lise histopatol\u00f3gica de fragmentos da pele. A aus\u00eancia de gl\u00e2ndulas seb\u00e1ceas detectada em exame histopatol\u00f3gico \u00e9 o principal achado que diferencia a adenite seb\u00e1cea das outras enfermidades. O tricograma pode ser utilizado como exame de triagem para os pacientes com suspeita da enfermidade, uma vez que a forma\u00e7\u00e3o de cilindros foliculares pode estar presente.<\/p>\n<p>Os tratamentos utilizados podem ser t\u00f3picos e sist\u00eamicos, podendo ser usados isolados ou em combina\u00e7\u00e3o. Quando existe piodermite secund\u00e1ria, o seu tratamento sempre se faz necess\u00e1rio. Dentre os t\u00f3picos, citam-se xampus queratol\u00edticos a base de enxofre e \u00e1cido salic\u00edlico, enxagues emolientes, propilenoglicol em concentra\u00e7\u00f5es de 50 a 75%, al\u00e9m de \u00f3leos hidratantes para beb\u00eas seguida por utiliza\u00e7\u00e3o de xampus m\u00faltiplos para remo\u00e7\u00e3o do \u00f3leo e escamas. Como tratamento sist\u00eamico, citam-se produtos contendo \u00e1cidos graxos \u00f4mega-3 e \u00f4mega-6, retinoides sint\u00e9ticos e utiliza\u00e7\u00e3o adjunta de vitamina A.<\/p>\n<p>O progn\u00f3stico \u00e9 vari\u00e1vel, dependendo da gravidade da doen\u00e7a. \u00c9 uma dermatopatia incur\u00e1vel, por\u00e9m o diagn\u00f3stico e t<\/p>\n","protected":false},"excerpt":{"rendered":"<p>Adenite seb\u00e1cea \u00e9 um dist\u00farbio disquerat\u00f3tico cr\u00f4nico, caracterizado pela degenera\u00e7\u00e3o e atrofia p\u00f3s-inflamat\u00f3ria das gl\u00e2ndulas seb\u00e1ceas. Trata-se de uma dermatopatia incomum, associada a algumas ra\u00e7as de c\u00e3es, por\u00e9m sua etiologia e patogenia ainda n\u00e3o est\u00e3o bem definidas. <\/p>\n","protected":false},"author":431,"featured_media":31330,"comment_status":"closed","ping_status":"closed","sticky":false,"template":"","format":"standard","meta":{"ngg_post_thumbnail":0},"categories":[1],"tags":[586,587],"acf":[],"yoast_head":"<!-- This site is optimized with the Yoast SEO plugin v18.4.1 - https:\/\/yoast.com\/wordpress\/plugins\/seo\/ -->\n<title>ADENITE SEB\u00c1CEA EM C\u00c3ES - Equalis Nordeste - Cursos de P\u00f3s Gradua\u00e7\u00e3o em Medicina Veterin\u00e1ria<\/title>\n<meta name=\"robots\" content=\"index, follow, max-snippet:-1, max-image-preview:large, max-video-preview:-1\" \/>\n<link rel=\"canonical\" href=\"https:\/\/equalisveterinaria-ne.com.br\/cursos\/adenite-sebacea-em-caes\/\" \/>\n<meta property=\"og:locale\" content=\"pt_BR\" \/>\n<meta property=\"og:type\" content=\"article\" \/>\n<meta property=\"og:title\" content=\"ADENITE SEB\u00c1CEA EM C\u00c3ES - Equalis Nordeste - Cursos de P\u00f3s Gradua\u00e7\u00e3o em Medicina Veterin\u00e1ria\" \/>\n<meta property=\"og:description\" content=\"Adenite seb\u00e1cea \u00e9 um dist\u00farbio disquerat\u00f3tico cr\u00f4nico, caracterizado pela degenera\u00e7\u00e3o e atrofia p\u00f3s-inflamat\u00f3ria das gl\u00e2ndulas seb\u00e1ceas. Trata-se de uma dermatopatia incomum, associada a algumas ra\u00e7as de c\u00e3es, por\u00e9m sua etiologia e patogenia ainda n\u00e3o est\u00e3o bem definidas.\" \/>\n<meta property=\"og:url\" content=\"https:\/\/equalisveterinaria-ne.com.br\/cursos\/adenite-sebacea-em-caes\/\" \/>\n<meta property=\"og:site_name\" content=\"Equalis Nordeste - Cursos de P\u00f3s Gradua\u00e7\u00e3o em Medicina Veterin\u00e1ria\" \/>\n<meta property=\"article:published_time\" content=\"2022-12-15T23:44:55+00:00\" \/>\n<meta property=\"article:modified_time\" content=\"2022-12-15T23:52:59+00:00\" \/>\n<meta property=\"og:image\" content=\"https:\/\/equalisveterinaria-ne.com.br\/cursos\/wp-content\/uploads\/2022\/12\/ADENITE-.jpg\" \/>\n\t<meta property=\"og:image:width\" content=\"640\" \/>\n\t<meta property=\"og:image:height\" content=\"480\" \/>\n\t<meta property=\"og:image:type\" content=\"image\/jpeg\" \/>\n<meta name=\"twitter:card\" content=\"summary_large_image\" \/>\n<meta name=\"twitter:label1\" content=\"Escrito por\" \/>\n\t<meta name=\"twitter:data1\" content=\"Edna Michelly\" \/>\n\t<meta name=\"twitter:label2\" content=\"Est. tempo de leitura\" \/>\n\t<meta name=\"twitter:data2\" content=\"3 minutos\" \/>\n<script type=\"application\/ld+json\" class=\"yoast-schema-graph\">{\"@context\":\"https:\/\/schema.org\",\"@graph\":[{\"@type\":\"Organization\",\"@id\":\"https:\/\/equalisveterinaria-ne.com.br\/cursos\/#organization\",\"name\":\"Equalis Veterin\u00e1ria\",\"url\":\"https:\/\/equalisveterinaria-ne.com.br\/cursos\/\",\"sameAs\":[],\"logo\":{\"@type\":\"ImageObject\",\"@id\":\"https:\/\/equalisveterinaria-ne.com.br\/cursos\/#logo\",\"inLanguage\":\"pt-BR\",\"url\":\"https:\/\/equalisveterinaria-ne.com.br\/cursos\/wp-content\/uploads\/2019\/10\/logo-fixed.png\",\"contentUrl\":\"https:\/\/equalisveterinaria-ne.com.br\/cursos\/wp-content\/uploads\/2019\/10\/logo-fixed.png\",\"width\":164,\"height\":49,\"caption\":\"Equalis Veterin\u00e1ria\"},\"image\":{\"@id\":\"https:\/\/equalisveterinaria-ne.com.br\/cursos\/#logo\"}},{\"@type\":\"WebSite\",\"@id\":\"https:\/\/equalisveterinaria-ne.com.br\/cursos\/#website\",\"url\":\"https:\/\/equalisveterinaria-ne.com.br\/cursos\/\",\"name\":\"Equalis Nordeste - Cursos de P\u00f3s Gradua\u00e7\u00e3o em Medicina Veterin\u00e1ria\",\"description\":\"Educa\u00e7\u00e3o em Medicina Veterin\u00e1ria\",\"publisher\":{\"@id\":\"https:\/\/equalisveterinaria-ne.com.br\/cursos\/#organization\"},\"potentialAction\":[{\"@type\":\"SearchAction\",\"target\":{\"@type\":\"EntryPoint\",\"urlTemplate\":\"https:\/\/equalisveterinaria-ne.com.br\/cursos\/?s={search_term_string}\"},\"query-input\":\"required name=search_term_string\"}],\"inLanguage\":\"pt-BR\"},{\"@type\":\"ImageObject\",\"@id\":\"https:\/\/equalisveterinaria-ne.com.br\/cursos\/adenite-sebacea-em-caes\/#primaryimage\",\"inLanguage\":\"pt-BR\",\"url\":\"https:\/\/equalisveterinaria-ne.com.br\/cursos\/wp-content\/uploads\/2022\/12\/ADENITE-.jpg\",\"contentUrl\":\"https:\/\/equalisveterinaria-ne.com.br\/cursos\/wp-content\/uploads\/2022\/12\/ADENITE-.jpg\",\"width\":640,\"height\":480},{\"@type\":\"WebPage\",\"@id\":\"https:\/\/equalisveterinaria-ne.com.br\/cursos\/adenite-sebacea-em-caes\/#webpage\",\"url\":\"https:\/\/equalisveterinaria-ne.com.br\/cursos\/adenite-sebacea-em-caes\/\",\"name\":\"ADENITE SEB\u00c1CEA EM C\u00c3ES - Equalis Nordeste - Cursos de P\u00f3s Gradua\u00e7\u00e3o em Medicina Veterin\u00e1ria\",\"isPartOf\":{\"@id\":\"https:\/\/equalisveterinaria-ne.com.br\/cursos\/#website\"},\"primaryImageOfPage\":{\"@id\":\"https:\/\/equalisveterinaria-ne.com.br\/cursos\/adenite-sebacea-em-caes\/#primaryimage\"},\"datePublished\":\"2022-12-15T23:44:55+00:00\",\"dateModified\":\"2022-12-15T23:52:59+00:00\",\"breadcrumb\":{\"@id\":\"https:\/\/equalisveterinaria-ne.com.br\/cursos\/adenite-sebacea-em-caes\/#breadcrumb\"},\"inLanguage\":\"pt-BR\",\"potentialAction\":[{\"@type\":\"ReadAction\",\"target\":[\"https:\/\/equalisveterinaria-ne.com.br\/cursos\/adenite-sebacea-em-caes\/\"]}]},{\"@type\":\"BreadcrumbList\",\"@id\":\"https:\/\/equalisveterinaria-ne.com.br\/cursos\/adenite-sebacea-em-caes\/#breadcrumb\",\"itemListElement\":[{\"@type\":\"ListItem\",\"position\":1,\"name\":\"Home\",\"item\":\"https:\/\/equalisveterinaria-ne.com.br\/cursos\/\"},{\"@type\":\"ListItem\",\"position\":2,\"name\":\"ADENITE SEB\u00c1CEA EM C\u00c3ES\"}]},{\"@type\":\"Article\",\"@id\":\"https:\/\/equalisveterinaria-ne.com.br\/cursos\/adenite-sebacea-em-caes\/#article\",\"isPartOf\":{\"@id\":\"https:\/\/equalisveterinaria-ne.com.br\/cursos\/adenite-sebacea-em-caes\/#webpage\"},\"author\":{\"@id\":\"https:\/\/equalisveterinaria-ne.com.br\/cursos\/#\/schema\/person\/f5846bb5c4ab479896dc98d0cd2e83c6\"},\"headline\":\"ADENITE SEB\u00c1CEA EM C\u00c3ES\",\"datePublished\":\"2022-12-15T23:44:55+00:00\",\"dateModified\":\"2022-12-15T23:52:59+00:00\",\"mainEntityOfPage\":{\"@id\":\"https:\/\/equalisveterinaria-ne.com.br\/cursos\/adenite-sebacea-em-caes\/#webpage\"},\"wordCount\":519,\"publisher\":{\"@id\":\"https:\/\/equalisveterinaria-ne.com.br\/cursos\/#organization\"},\"image\":{\"@id\":\"https:\/\/equalisveterinaria-ne.com.br\/cursos\/adenite-sebacea-em-caes\/#primaryimage\"},\"thumbnailUrl\":\"https:\/\/equalisveterinaria-ne.com.br\/cursos\/wp-content\/uploads\/2022\/12\/ADENITE-.jpg\",\"keywords\":[\"ADENITE SEB\u00c1CEA\",\"C\u00c3ES\"],\"articleSection\":[\"Blog\"],\"inLanguage\":\"pt-BR\"},{\"@type\":\"Person\",\"@id\":\"https:\/\/equalisveterinaria-ne.com.br\/cursos\/#\/schema\/person\/f5846bb5c4ab479896dc98d0cd2e83c6\",\"name\":\"Edna Michelly\",\"image\":{\"@type\":\"ImageObject\",\"@id\":\"https:\/\/equalisveterinaria-ne.com.br\/cursos\/#personlogo\",\"inLanguage\":\"pt-BR\",\"url\":\"https:\/\/secure.gravatar.com\/avatar\/17313bc8a6dceeef83551084aad718c8?s=96&d=mm&r=g\",\"contentUrl\":\"https:\/\/secure.gravatar.com\/avatar\/17313bc8a6dceeef83551084aad718c8?s=96&d=mm&r=g\",\"caption\":\"Edna Michelly\"}}]}<\/script>\n<!-- \/ Yoast SEO plugin. -->","yoast_head_json":{"title":"ADENITE SEB\u00c1CEA EM C\u00c3ES - Equalis Nordeste - Cursos de P\u00f3s Gradua\u00e7\u00e3o em Medicina Veterin\u00e1ria","robots":{"index":"index","follow":"follow","max-snippet":"max-snippet:-1","max-image-preview":"max-image-preview:large","max-video-preview":"max-video-preview:-1"},"canonical":"https:\/\/equalisveterinaria-ne.com.br\/cursos\/adenite-sebacea-em-caes\/","og_locale":"pt_BR","og_type":"article","og_title":"ADENITE SEB\u00c1CEA EM C\u00c3ES - Equalis Nordeste - Cursos de P\u00f3s Gradua\u00e7\u00e3o em Medicina Veterin\u00e1ria","og_description":"Adenite seb\u00e1cea \u00e9 um dist\u00farbio disquerat\u00f3tico cr\u00f4nico, caracterizado pela degenera\u00e7\u00e3o e atrofia p\u00f3s-inflamat\u00f3ria das gl\u00e2ndulas seb\u00e1ceas. Trata-se de uma dermatopatia incomum, associada a algumas ra\u00e7as de c\u00e3es, por\u00e9m sua etiologia e patogenia ainda n\u00e3o est\u00e3o bem definidas.","og_url":"https:\/\/equalisveterinaria-ne.com.br\/cursos\/adenite-sebacea-em-caes\/","og_site_name":"Equalis Nordeste - Cursos de P\u00f3s Gradua\u00e7\u00e3o em Medicina Veterin\u00e1ria","article_published_time":"2022-12-15T23:44:55+00:00","article_modified_time":"2022-12-15T23:52:59+00:00","og_image":[{"width":640,"height":480,"url":"https:\/\/equalisveterinaria-ne.com.br\/cursos\/wp-content\/uploads\/2022\/12\/ADENITE-.jpg","type":"image\/jpeg"}],"twitter_card":"summary_large_image","twitter_misc":{"Escrito por":"Edna Michelly","Est. tempo de leitura":"3 minutos"},"schema":{"@context":"https:\/\/schema.org","@graph":[{"@type":"Organization","@id":"https:\/\/equalisveterinaria-ne.com.br\/cursos\/#organization","name":"Equalis Veterin\u00e1ria","url":"https:\/\/equalisveterinaria-ne.com.br\/cursos\/","sameAs":[],"logo":{"@type":"ImageObject","@id":"https:\/\/equalisveterinaria-ne.com.br\/cursos\/#logo","inLanguage":"pt-BR","url":"https:\/\/equalisveterinaria-ne.com.br\/cursos\/wp-content\/uploads\/2019\/10\/logo-fixed.png","contentUrl":"https:\/\/equalisveterinaria-ne.com.br\/cursos\/wp-content\/uploads\/2019\/10\/logo-fixed.png","width":164,"height":49,"caption":"Equalis Veterin\u00e1ria"},"image":{"@id":"https:\/\/equalisveterinaria-ne.com.br\/cursos\/#logo"}},{"@type":"WebSite","@id":"https:\/\/equalisveterinaria-ne.com.br\/cursos\/#website","url":"https:\/\/equalisveterinaria-ne.com.br\/cursos\/","name":"Equalis Nordeste - Cursos de P\u00f3s Gradua\u00e7\u00e3o em Medicina Veterin\u00e1ria","description":"Educa\u00e7\u00e3o em Medicina Veterin\u00e1ria","publisher":{"@id":"https:\/\/equalisveterinaria-ne.com.br\/cursos\/#organization"},"potentialAction":[{"@type":"SearchAction","target":{"@type":"EntryPoint","urlTemplate":"https:\/\/equalisveterinaria-ne.com.br\/cursos\/?s={search_term_string}"},"query-input":"required name=search_term_string"}],"inLanguage":"pt-BR"},{"@type":"ImageObject","@id":"https:\/\/equalisveterinaria-ne.com.br\/cursos\/adenite-sebacea-em-caes\/#primaryimage","inLanguage":"pt-BR","url":"https:\/\/equalisveterinaria-ne.com.br\/cursos\/wp-content\/uploads\/2022\/12\/ADENITE-.jpg","contentUrl":"https:\/\/equalisveterinaria-ne.com.br\/cursos\/wp-content\/uploads\/2022\/12\/ADENITE-.jpg","width":640,"height":480},{"@type":"WebPage","@id":"https:\/\/equalisveterinaria-ne.com.br\/cursos\/adenite-sebacea-em-caes\/#webpage","url":"https:\/\/equalisveterinaria-ne.com.br\/cursos\/adenite-sebacea-em-caes\/","name":"ADENITE SEB\u00c1CEA EM C\u00c3ES - Equalis Nordeste - Cursos de P\u00f3s Gradua\u00e7\u00e3o em Medicina Veterin\u00e1ria","isPartOf":{"@id":"https:\/\/equalisveterinaria-ne.com.br\/cursos\/#website"},"primaryImageOfPage":{"@id":"https:\/\/equalisveterinaria-ne.com.br\/cursos\/adenite-sebacea-em-caes\/#primaryimage"},"datePublished":"2022-12-15T23:44:55+00:00","dateModified":"2022-12-15T23:52:59+00:00","breadcrumb":{"@id":"https:\/\/equalisveterinaria-ne.com.br\/cursos\/adenite-sebacea-em-caes\/#breadcrumb"},"inLanguage":"pt-BR","potentialAction":[{"@type":"ReadAction","target":["https:\/\/equalisveterinaria-ne.com.br\/cursos\/adenite-sebacea-em-caes\/"]}]},{"@type":"BreadcrumbList","@id":"https:\/\/equalisveterinaria-ne.com.br\/cursos\/adenite-sebacea-em-caes\/#breadcrumb","itemListElement":[{"@type":"ListItem","position":1,"name":"Home","item":"https:\/\/equalisveterinaria-ne.com.br\/cursos\/"},{"@type":"ListItem","position":2,"name":"ADENITE SEB\u00c1CEA EM C\u00c3ES"}]},{"@type":"Article","@id":"https:\/\/equalisveterinaria-ne.com.br\/cursos\/adenite-sebacea-em-caes\/#article","isPartOf":{"@id":"https:\/\/equalisveterinaria-ne.com.br\/cursos\/adenite-sebacea-em-caes\/#webpage"},"author":{"@id":"https:\/\/equalisveterinaria-ne.com.br\/cursos\/#\/schema\/person\/f5846bb5c4ab479896dc98d0cd2e83c6"},"headline":"ADENITE SEB\u00c1CEA EM C\u00c3ES","datePublished":"2022-12-15T23:44:55+00:00","dateModified":"2022-12-15T23:52:59+00:00","mainEntityOfPage":{"@id":"https:\/\/equalisveterinaria-ne.com.br\/cursos\/adenite-sebacea-em-caes\/#webpage"},"wordCount":519,"publisher":{"@id":"https:\/\/equalisveterinaria-ne.com.br\/cursos\/#organization"},"image":{"@id":"https:\/\/equalisveterinaria-ne.com.br\/cursos\/adenite-sebacea-em-caes\/#primaryimage"},"thumbnailUrl":"https:\/\/equalisveterinaria-ne.com.br\/cursos\/wp-content\/uploads\/2022\/12\/ADENITE-.jpg","keywords":["ADENITE SEB\u00c1CEA","C\u00c3ES"],"articleSection":["Blog"],"inLanguage":"pt-BR"},{"@type":"Person","@id":"https:\/\/equalisveterinaria-ne.com.br\/cursos\/#\/schema\/person\/f5846bb5c4ab479896dc98d0cd2e83c6","name":"Edna Michelly","image":{"@type":"ImageObject","@id":"https:\/\/equalisveterinaria-ne.com.br\/cursos\/#personlogo","inLanguage":"pt-BR","url":"https:\/\/secure.gravatar.com\/avatar\/17313bc8a6dceeef83551084aad718c8?s=96&d=mm&r=g","contentUrl":"https:\/\/secure.gravatar.com\/avatar\/17313bc8a6dceeef83551084aad718c8?s=96&d=mm&r=g","caption":"Edna Michelly"}}]}},"_links":{"self":[{"href":"https:\/\/equalisveterinaria-ne.com.br\/cursos\/wp-json\/wp\/v2\/posts\/31329"}],"collection":[{"href":"https:\/\/equalisveterinaria-ne.com.br\/cursos\/wp-json\/wp\/v2\/posts"}],"about":[{"href":"https:\/\/equalisveterinaria-ne.com.br\/cursos\/wp-json\/wp\/v2\/types\/post"}],"author":[{"embeddable":true,"href":"https:\/\/equalisveterinaria-ne.com.br\/cursos\/wp-json\/wp\/v2\/users\/431"}],"replies":[{"embeddable":true,"href":"https:\/\/equalisveterinaria-ne.com.br\/cursos\/wp-json\/wp\/v2\/comments?post=31329"}],"version-history":[{"count":1,"href":"https:\/\/equalisveterinaria-ne.com.br\/cursos\/wp-json\/wp\/v2\/posts\/31329\/revisions"}],"predecessor-version":[{"id":31332,"href":"https:\/\/equalisveterinaria-ne.com.br\/cursos\/wp-json\/wp\/v2\/posts\/31329\/revisions\/31332"}],"wp:featuredmedia":[{"embeddable":true,"href":"https:\/\/equalisveterinaria-ne.com.br\/cursos\/wp-json\/wp\/v2\/media\/31330"}],"wp:attachment":[{"href":"https:\/\/equalisveterinaria-ne.com.br\/cursos\/wp-json\/wp\/v2\/media?parent=31329"}],"wp:term":[{"taxonomy":"category","embeddable":true,"href":"https:\/\/equalisveterinaria-ne.com.br\/cursos\/wp-json\/wp\/v2\/categories?post=31329"},{"taxonomy":"post_tag","embeddable":true,"href":"https:\/\/equalisveterinaria-ne.com.br\/cursos\/wp-json\/wp\/v2\/tags?post=31329"}],"curies":[{"name":"wp","href":"https:\/\/api.w.org\/{rel}","templated":true}]}}