{"id":31377,"date":"2023-01-05T09:18:02","date_gmt":"2023-01-05T12:18:02","guid":{"rendered":"https:\/\/equalisveterinaria-ne.com.br\/?p=31377"},"modified":"2023-01-06T09:19:42","modified_gmt":"2023-01-06T12:19:42","slug":"a-frequencia-respiratoria-e-suas-variacoes-patologicas","status":"publish","type":"post","link":"https:\/\/equalisveterinaria-ne.com.br\/cursos\/a-frequencia-respiratoria-e-suas-variacoes-patologicas\/","title":{"rendered":"A frequ\u00eancia respirat\u00f3ria e suas varia\u00e7\u00f5es patol\u00f3gicas."},"content":{"rendered":"<p>A frequ\u00eancia respirat\u00f3ria mede a quantidade de respira\u00e7\u00f5es completas em 1 minuto. Ela pode variar devido alguns fatores, dentre eles, mudan\u00e7a de temperatura e atividade f\u00edsica. Contudo, algumas varia\u00e7\u00f5es podem ser correlacionadas com processos patol\u00f3gicos, como: taquipneia, bradipneia ou apneia.<\/p>\n<p>A taquipneia \u00e9 quando a frequ\u00eancia respirat\u00f3ria est\u00e1 acima do valor de normalidade para a esp\u00e9cie, e pode ser correlacionado com febre, dor ou baixa oxigena\u00e7\u00e3o. A bradipneia \u00e9 a frequ\u00eancia respirat\u00f3ria abaixo da normalidade para a esp\u00e9cie, e acontece em depress\u00f5es do sistema nervoso. A apneia \u00e9 a aus\u00eancia total de respira\u00e7\u00e3o.<\/p>\n<p>Outro fator importante a ser observado \u00e9 o ritmo da respira\u00e7\u00e3o. Sendo assim, uma inspira\u00e7\u00e3o seguida de um pequeno intervalo de tempo e posterior expira\u00e7\u00e3o com um intervalo mais duradouro, e os intervalos se repetindo de forma c\u00edclica, denomina- se de arritmias respirat\u00f3rias.<\/p>\n<p>Al\u00e9m disso, outro ponto a ser considerado \u00e9 a classifica\u00e7\u00e3o do padr\u00e3o respirat\u00f3rio (a rela\u00e7\u00e3o entre a inspira\u00e7\u00e3o e a expira\u00e7\u00e3o). Para tal, deve ser feito a inspe\u00e7\u00e3o do t\u00f3rax e abd\u00f4men. Portanto, o padr\u00e3o normal \u00e9 denominado eupneia e o alterado como dispneia. Na eupneia o movimento inspirat\u00f3rio e expirat\u00f3rio possui uma rela\u00e7\u00e3o de 1:1,2 respectivamente. Assim sendo, a inspira\u00e7\u00e3o ativa e a expira\u00e7\u00e3o um processo passivo.<\/p>\n<p>&nbsp;<\/p>\n<p>Por fim, a dispneia ainda pode ser dividida em expirat\u00f3ria ou inspirat\u00f3ria. A inspirat\u00f3ria correlaciona-se em patologias de vias a\u00e9reas anteriores j\u00e1 a dispneia expirat\u00f3rias est\u00e1 ligada a problemas posteriores (pequenas vias a\u00e9reas).<\/p>\n","protected":false},"excerpt":{"rendered":"<p>A frequ\u00eancia respirat\u00f3ria mede a quantidade de respira\u00e7\u00f5es completas em 1 minuto. Ela pode variar devido alguns fatores, dentre eles, mudan\u00e7a de temperatura e atividade f\u00edsica. Contudo, algumas varia\u00e7\u00f5es podem ser correlacionadas com processos patol\u00f3gicos, como: taquipneia, bradipneia ou apneia.<\/p>\n","protected":false},"author":329,"featured_media":31378,"comment_status":"closed","ping_status":"closed","sticky":false,"template":"","format":"standard","meta":{"ngg_post_thumbnail":0},"categories":[1],"tags":[],"acf":[],"yoast_head":"<!-- This site is optimized with the Yoast SEO plugin v18.4.1 - https:\/\/yoast.com\/wordpress\/plugins\/seo\/ -->\n<title>A frequ\u00eancia respirat\u00f3ria e suas varia\u00e7\u00f5es patol\u00f3gicas. - Equalis Nordeste - Cursos de P\u00f3s Gradua\u00e7\u00e3o em Medicina Veterin\u00e1ria<\/title>\n<meta name=\"robots\" content=\"index, follow, max-snippet:-1, max-image-preview:large, max-video-preview:-1\" \/>\n<link rel=\"canonical\" href=\"https:\/\/equalisveterinaria-ne.com.br\/cursos\/a-frequencia-respiratoria-e-suas-variacoes-patologicas\/\" \/>\n<meta property=\"og:locale\" content=\"pt_BR\" \/>\n<meta property=\"og:type\" content=\"article\" \/>\n<meta property=\"og:title\" content=\"A frequ\u00eancia respirat\u00f3ria e suas varia\u00e7\u00f5es patol\u00f3gicas. - Equalis Nordeste - Cursos de P\u00f3s Gradua\u00e7\u00e3o em Medicina Veterin\u00e1ria\" \/>\n<meta property=\"og:description\" content=\"A frequ\u00eancia respirat\u00f3ria mede a quantidade de respira\u00e7\u00f5es completas em 1 minuto. Ela pode variar devido alguns fatores, dentre eles, mudan\u00e7a de temperatura e atividade f\u00edsica. Contudo, algumas varia\u00e7\u00f5es podem ser correlacionadas com processos patol\u00f3gicos, como: taquipneia, bradipneia ou apneia.\" \/>\n<meta property=\"og:url\" content=\"https:\/\/equalisveterinaria-ne.com.br\/cursos\/a-frequencia-respiratoria-e-suas-variacoes-patologicas\/\" \/>\n<meta property=\"og:site_name\" content=\"Equalis Nordeste - Cursos de P\u00f3s Gradua\u00e7\u00e3o em Medicina Veterin\u00e1ria\" \/>\n<meta property=\"article:published_time\" content=\"2023-01-05T12:18:02+00:00\" \/>\n<meta property=\"article:modified_time\" content=\"2023-01-06T12:19:42+00:00\" \/>\n<meta property=\"og:image\" content=\"https:\/\/equalisveterinaria-ne.com.br\/cursos\/wp-content\/uploads\/2023\/01\/Dispneia.jpeg\" \/>\n\t<meta property=\"og:image:width\" content=\"740\" \/>\n\t<meta property=\"og:image:height\" content=\"416\" \/>\n\t<meta property=\"og:image:type\" content=\"image\/jpeg\" \/>\n<meta name=\"twitter:card\" content=\"summary_large_image\" \/>\n<meta name=\"twitter:label1\" content=\"Escrito por\" \/>\n\t<meta name=\"twitter:data1\" content=\"Afonso Reis\" \/>\n\t<meta name=\"twitter:label2\" content=\"Est. tempo de leitura\" \/>\n\t<meta name=\"twitter:data2\" content=\"2 minutos\" \/>\n<script type=\"application\/ld+json\" class=\"yoast-schema-graph\">{\"@context\":\"https:\/\/schema.org\",\"@graph\":[{\"@type\":\"Organization\",\"@id\":\"https:\/\/equalisveterinaria-ne.com.br\/cursos\/#organization\",\"name\":\"Equalis Veterin\u00e1ria\",\"url\":\"https:\/\/equalisveterinaria-ne.com.br\/cursos\/\",\"sameAs\":[],\"logo\":{\"@type\":\"ImageObject\",\"@id\":\"https:\/\/equalisveterinaria-ne.com.br\/cursos\/#logo\",\"inLanguage\":\"pt-BR\",\"url\":\"https:\/\/equalisveterinaria-ne.com.br\/cursos\/wp-content\/uploads\/2019\/10\/logo-fixed.png\",\"contentUrl\":\"https:\/\/equalisveterinaria-ne.com.br\/cursos\/wp-content\/uploads\/2019\/10\/logo-fixed.png\",\"width\":164,\"height\":49,\"caption\":\"Equalis Veterin\u00e1ria\"},\"image\":{\"@id\":\"https:\/\/equalisveterinaria-ne.com.br\/cursos\/#logo\"}},{\"@type\":\"WebSite\",\"@id\":\"https:\/\/equalisveterinaria-ne.com.br\/cursos\/#website\",\"url\":\"https:\/\/equalisveterinaria-ne.com.br\/cursos\/\",\"name\":\"Equalis Nordeste - Cursos de P\u00f3s Gradua\u00e7\u00e3o em Medicina Veterin\u00e1ria\",\"description\":\"Educa\u00e7\u00e3o em Medicina Veterin\u00e1ria\",\"publisher\":{\"@id\":\"https:\/\/equalisveterinaria-ne.com.br\/cursos\/#organization\"},\"potentialAction\":[{\"@type\":\"SearchAction\",\"target\":{\"@type\":\"EntryPoint\",\"urlTemplate\":\"https:\/\/equalisveterinaria-ne.com.br\/cursos\/?s={search_term_string}\"},\"query-input\":\"required name=search_term_string\"}],\"inLanguage\":\"pt-BR\"},{\"@type\":\"ImageObject\",\"@id\":\"https:\/\/equalisveterinaria-ne.com.br\/cursos\/a-frequencia-respiratoria-e-suas-variacoes-patologicas\/#primaryimage\",\"inLanguage\":\"pt-BR\",\"url\":\"https:\/\/equalisveterinaria-ne.com.br\/cursos\/wp-content\/uploads\/2023\/01\/Dispneia.jpeg\",\"contentUrl\":\"https:\/\/equalisveterinaria-ne.com.br\/cursos\/wp-content\/uploads\/2023\/01\/Dispneia.jpeg\",\"width\":740,\"height\":416},{\"@type\":\"WebPage\",\"@id\":\"https:\/\/equalisveterinaria-ne.com.br\/cursos\/a-frequencia-respiratoria-e-suas-variacoes-patologicas\/#webpage\",\"url\":\"https:\/\/equalisveterinaria-ne.com.br\/cursos\/a-frequencia-respiratoria-e-suas-variacoes-patologicas\/\",\"name\":\"A frequ\u00eancia respirat\u00f3ria e suas varia\u00e7\u00f5es patol\u00f3gicas. - Equalis Nordeste - Cursos de P\u00f3s Gradua\u00e7\u00e3o em Medicina Veterin\u00e1ria\",\"isPartOf\":{\"@id\":\"https:\/\/equalisveterinaria-ne.com.br\/cursos\/#website\"},\"primaryImageOfPage\":{\"@id\":\"https:\/\/equalisveterinaria-ne.com.br\/cursos\/a-frequencia-respiratoria-e-suas-variacoes-patologicas\/#primaryimage\"},\"datePublished\":\"2023-01-05T12:18:02+00:00\",\"dateModified\":\"2023-01-06T12:19:42+00:00\",\"breadcrumb\":{\"@id\":\"https:\/\/equalisveterinaria-ne.com.br\/cursos\/a-frequencia-respiratoria-e-suas-variacoes-patologicas\/#breadcrumb\"},\"inLanguage\":\"pt-BR\",\"potentialAction\":[{\"@type\":\"ReadAction\",\"target\":[\"https:\/\/equalisveterinaria-ne.com.br\/cursos\/a-frequencia-respiratoria-e-suas-variacoes-patologicas\/\"]}]},{\"@type\":\"BreadcrumbList\",\"@id\":\"https:\/\/equalisveterinaria-ne.com.br\/cursos\/a-frequencia-respiratoria-e-suas-variacoes-patologicas\/#breadcrumb\",\"itemListElement\":[{\"@type\":\"ListItem\",\"position\":1,\"name\":\"Home\",\"item\":\"https:\/\/equalisveterinaria-ne.com.br\/cursos\/\"},{\"@type\":\"ListItem\",\"position\":2,\"name\":\"A frequ\u00eancia respirat\u00f3ria e suas varia\u00e7\u00f5es patol\u00f3gicas.\"}]},{\"@type\":\"Article\",\"@id\":\"https:\/\/equalisveterinaria-ne.com.br\/cursos\/a-frequencia-respiratoria-e-suas-variacoes-patologicas\/#article\",\"isPartOf\":{\"@id\":\"https:\/\/equalisveterinaria-ne.com.br\/cursos\/a-frequencia-respiratoria-e-suas-variacoes-patologicas\/#webpage\"},\"author\":{\"@id\":\"https:\/\/equalisveterinaria-ne.com.br\/cursos\/#\/schema\/person\/7c6b45c8fcfb06adf1a3ce0d9af62712\"},\"headline\":\"A frequ\u00eancia respirat\u00f3ria e suas varia\u00e7\u00f5es patol\u00f3gicas.\",\"datePublished\":\"2023-01-05T12:18:02+00:00\",\"dateModified\":\"2023-01-06T12:19:42+00:00\",\"mainEntityOfPage\":{\"@id\":\"https:\/\/equalisveterinaria-ne.com.br\/cursos\/a-frequencia-respiratoria-e-suas-variacoes-patologicas\/#webpage\"},\"wordCount\":285,\"publisher\":{\"@id\":\"https:\/\/equalisveterinaria-ne.com.br\/cursos\/#organization\"},\"image\":{\"@id\":\"https:\/\/equalisveterinaria-ne.com.br\/cursos\/a-frequencia-respiratoria-e-suas-variacoes-patologicas\/#primaryimage\"},\"thumbnailUrl\":\"https:\/\/equalisveterinaria-ne.com.br\/cursos\/wp-content\/uploads\/2023\/01\/Dispneia.jpeg\",\"articleSection\":[\"Blog\"],\"inLanguage\":\"pt-BR\"},{\"@type\":\"Person\",\"@id\":\"https:\/\/equalisveterinaria-ne.com.br\/cursos\/#\/schema\/person\/7c6b45c8fcfb06adf1a3ce0d9af62712\",\"name\":\"Afonso Reis\",\"image\":{\"@type\":\"ImageObject\",\"@id\":\"https:\/\/equalisveterinaria-ne.com.br\/cursos\/#personlogo\",\"inLanguage\":\"pt-BR\",\"url\":\"https:\/\/secure.gravatar.com\/avatar\/a354e887f2cf1f9c84857e2618ef8e18?s=96&d=mm&r=g\",\"contentUrl\":\"https:\/\/secure.gravatar.com\/avatar\/a354e887f2cf1f9c84857e2618ef8e18?s=96&d=mm&r=g\",\"caption\":\"Afonso Reis\"}}]}<\/script>\n<!-- \/ Yoast SEO plugin. -->","yoast_head_json":{"title":"A frequ\u00eancia respirat\u00f3ria e suas varia\u00e7\u00f5es patol\u00f3gicas. - Equalis Nordeste - Cursos de P\u00f3s Gradua\u00e7\u00e3o em Medicina Veterin\u00e1ria","robots":{"index":"index","follow":"follow","max-snippet":"max-snippet:-1","max-image-preview":"max-image-preview:large","max-video-preview":"max-video-preview:-1"},"canonical":"https:\/\/equalisveterinaria-ne.com.br\/cursos\/a-frequencia-respiratoria-e-suas-variacoes-patologicas\/","og_locale":"pt_BR","og_type":"article","og_title":"A frequ\u00eancia respirat\u00f3ria e suas varia\u00e7\u00f5es patol\u00f3gicas. - Equalis Nordeste - Cursos de P\u00f3s Gradua\u00e7\u00e3o em Medicina Veterin\u00e1ria","og_description":"A frequ\u00eancia respirat\u00f3ria mede a quantidade de respira\u00e7\u00f5es completas em 1 minuto. Ela pode variar devido alguns fatores, dentre eles, mudan\u00e7a de temperatura e atividade f\u00edsica. Contudo, algumas varia\u00e7\u00f5es podem ser correlacionadas com processos patol\u00f3gicos, como: taquipneia, bradipneia ou apneia.","og_url":"https:\/\/equalisveterinaria-ne.com.br\/cursos\/a-frequencia-respiratoria-e-suas-variacoes-patologicas\/","og_site_name":"Equalis Nordeste - Cursos de P\u00f3s Gradua\u00e7\u00e3o em Medicina Veterin\u00e1ria","article_published_time":"2023-01-05T12:18:02+00:00","article_modified_time":"2023-01-06T12:19:42+00:00","og_image":[{"width":740,"height":416,"url":"https:\/\/equalisveterinaria-ne.com.br\/cursos\/wp-content\/uploads\/2023\/01\/Dispneia.jpeg","type":"image\/jpeg"}],"twitter_card":"summary_large_image","twitter_misc":{"Escrito por":"Afonso Reis","Est. tempo de leitura":"2 minutos"},"schema":{"@context":"https:\/\/schema.org","@graph":[{"@type":"Organization","@id":"https:\/\/equalisveterinaria-ne.com.br\/cursos\/#organization","name":"Equalis Veterin\u00e1ria","url":"https:\/\/equalisveterinaria-ne.com.br\/cursos\/","sameAs":[],"logo":{"@type":"ImageObject","@id":"https:\/\/equalisveterinaria-ne.com.br\/cursos\/#logo","inLanguage":"pt-BR","url":"https:\/\/equalisveterinaria-ne.com.br\/cursos\/wp-content\/uploads\/2019\/10\/logo-fixed.png","contentUrl":"https:\/\/equalisveterinaria-ne.com.br\/cursos\/wp-content\/uploads\/2019\/10\/logo-fixed.png","width":164,"height":49,"caption":"Equalis Veterin\u00e1ria"},"image":{"@id":"https:\/\/equalisveterinaria-ne.com.br\/cursos\/#logo"}},{"@type":"WebSite","@id":"https:\/\/equalisveterinaria-ne.com.br\/cursos\/#website","url":"https:\/\/equalisveterinaria-ne.com.br\/cursos\/","name":"Equalis Nordeste - Cursos de P\u00f3s Gradua\u00e7\u00e3o em Medicina Veterin\u00e1ria","description":"Educa\u00e7\u00e3o em Medicina Veterin\u00e1ria","publisher":{"@id":"https:\/\/equalisveterinaria-ne.com.br\/cursos\/#organization"},"potentialAction":[{"@type":"SearchAction","target":{"@type":"EntryPoint","urlTemplate":"https:\/\/equalisveterinaria-ne.com.br\/cursos\/?s={search_term_string}"},"query-input":"required name=search_term_string"}],"inLanguage":"pt-BR"},{"@type":"ImageObject","@id":"https:\/\/equalisveterinaria-ne.com.br\/cursos\/a-frequencia-respiratoria-e-suas-variacoes-patologicas\/#primaryimage","inLanguage":"pt-BR","url":"https:\/\/equalisveterinaria-ne.com.br\/cursos\/wp-content\/uploads\/2023\/01\/Dispneia.jpeg","contentUrl":"https:\/\/equalisveterinaria-ne.com.br\/cursos\/wp-content\/uploads\/2023\/01\/Dispneia.jpeg","width":740,"height":416},{"@type":"WebPage","@id":"https:\/\/equalisveterinaria-ne.com.br\/cursos\/a-frequencia-respiratoria-e-suas-variacoes-patologicas\/#webpage","url":"https:\/\/equalisveterinaria-ne.com.br\/cursos\/a-frequencia-respiratoria-e-suas-variacoes-patologicas\/","name":"A frequ\u00eancia respirat\u00f3ria e suas varia\u00e7\u00f5es patol\u00f3gicas. - Equalis Nordeste - Cursos de P\u00f3s Gradua\u00e7\u00e3o em Medicina Veterin\u00e1ria","isPartOf":{"@id":"https:\/\/equalisveterinaria-ne.com.br\/cursos\/#website"},"primaryImageOfPage":{"@id":"https:\/\/equalisveterinaria-ne.com.br\/cursos\/a-frequencia-respiratoria-e-suas-variacoes-patologicas\/#primaryimage"},"datePublished":"2023-01-05T12:18:02+00:00","dateModified":"2023-01-06T12:19:42+00:00","breadcrumb":{"@id":"https:\/\/equalisveterinaria-ne.com.br\/cursos\/a-frequencia-respiratoria-e-suas-variacoes-patologicas\/#breadcrumb"},"inLanguage":"pt-BR","potentialAction":[{"@type":"ReadAction","target":["https:\/\/equalisveterinaria-ne.com.br\/cursos\/a-frequencia-respiratoria-e-suas-variacoes-patologicas\/"]}]},{"@type":"BreadcrumbList","@id":"https:\/\/equalisveterinaria-ne.com.br\/cursos\/a-frequencia-respiratoria-e-suas-variacoes-patologicas\/#breadcrumb","itemListElement":[{"@type":"ListItem","position":1,"name":"Home","item":"https:\/\/equalisveterinaria-ne.com.br\/cursos\/"},{"@type":"ListItem","position":2,"name":"A frequ\u00eancia respirat\u00f3ria e suas varia\u00e7\u00f5es patol\u00f3gicas."}]},{"@type":"Article","@id":"https:\/\/equalisveterinaria-ne.com.br\/cursos\/a-frequencia-respiratoria-e-suas-variacoes-patologicas\/#article","isPartOf":{"@id":"https:\/\/equalisveterinaria-ne.com.br\/cursos\/a-frequencia-respiratoria-e-suas-variacoes-patologicas\/#webpage"},"author":{"@id":"https:\/\/equalisveterinaria-ne.com.br\/cursos\/#\/schema\/person\/7c6b45c8fcfb06adf1a3ce0d9af62712"},"headline":"A frequ\u00eancia respirat\u00f3ria e suas varia\u00e7\u00f5es patol\u00f3gicas.","datePublished":"2023-01-05T12:18:02+00:00","dateModified":"2023-01-06T12:19:42+00:00","mainEntityOfPage":{"@id":"https:\/\/equalisveterinaria-ne.com.br\/cursos\/a-frequencia-respiratoria-e-suas-variacoes-patologicas\/#webpage"},"wordCount":285,"publisher":{"@id":"https:\/\/equalisveterinaria-ne.com.br\/cursos\/#organization"},"image":{"@id":"https:\/\/equalisveterinaria-ne.com.br\/cursos\/a-frequencia-respiratoria-e-suas-variacoes-patologicas\/#primaryimage"},"thumbnailUrl":"https:\/\/equalisveterinaria-ne.com.br\/cursos\/wp-content\/uploads\/2023\/01\/Dispneia.jpeg","articleSection":["Blog"],"inLanguage":"pt-BR"},{"@type":"Person","@id":"https:\/\/equalisveterinaria-ne.com.br\/cursos\/#\/schema\/person\/7c6b45c8fcfb06adf1a3ce0d9af62712","name":"Afonso Reis","image":{"@type":"ImageObject","@id":"https:\/\/equalisveterinaria-ne.com.br\/cursos\/#personlogo","inLanguage":"pt-BR","url":"https:\/\/secure.gravatar.com\/avatar\/a354e887f2cf1f9c84857e2618ef8e18?s=96&d=mm&r=g","contentUrl":"https:\/\/secure.gravatar.com\/avatar\/a354e887f2cf1f9c84857e2618ef8e18?s=96&d=mm&r=g","caption":"Afonso Reis"}}]}},"_links":{"self":[{"href":"https:\/\/equalisveterinaria-ne.com.br\/cursos\/wp-json\/wp\/v2\/posts\/31377"}],"collection":[{"href":"https:\/\/equalisveterinaria-ne.com.br\/cursos\/wp-json\/wp\/v2\/posts"}],"about":[{"href":"https:\/\/equalisveterinaria-ne.com.br\/cursos\/wp-json\/wp\/v2\/types\/post"}],"author":[{"embeddable":true,"href":"https:\/\/equalisveterinaria-ne.com.br\/cursos\/wp-json\/wp\/v2\/users\/329"}],"replies":[{"embeddable":true,"href":"https:\/\/equalisveterinaria-ne.com.br\/cursos\/wp-json\/wp\/v2\/comments?post=31377"}],"version-history":[{"count":1,"href":"https:\/\/equalisveterinaria-ne.com.br\/cursos\/wp-json\/wp\/v2\/posts\/31377\/revisions"}],"predecessor-version":[{"id":31379,"href":"https:\/\/equalisveterinaria-ne.com.br\/cursos\/wp-json\/wp\/v2\/posts\/31377\/revisions\/31379"}],"wp:featuredmedia":[{"embeddable":true,"href":"https:\/\/equalisveterinaria-ne.com.br\/cursos\/wp-json\/wp\/v2\/media\/31378"}],"wp:attachment":[{"href":"https:\/\/equalisveterinaria-ne.com.br\/cursos\/wp-json\/wp\/v2\/media?parent=31377"}],"wp:term":[{"taxonomy":"category","embeddable":true,"href":"https:\/\/equalisveterinaria-ne.com.br\/cursos\/wp-json\/wp\/v2\/categories?post=31377"},{"taxonomy":"post_tag","embeddable":true,"href":"https:\/\/equalisveterinaria-ne.com.br\/cursos\/wp-json\/wp\/v2\/tags?post=31377"}],"curies":[{"name":"wp","href":"https:\/\/api.w.org\/{rel}","templated":true}]}}