{"id":31544,"date":"2023-02-21T12:44:11","date_gmt":"2023-02-21T15:44:11","guid":{"rendered":"https:\/\/equalisveterinaria-ne.com.br\/?p=31544"},"modified":"2023-02-23T09:23:21","modified_gmt":"2023-02-23T12:23:21","slug":"celulite-juvenil-canina","status":"publish","type":"post","link":"https:\/\/equalisveterinaria-ne.com.br\/cursos\/celulite-juvenil-canina\/","title":{"rendered":"Celulite Juvenil Canina"},"content":{"rendered":"<p style=\"text-align: justify;\">A celulite juvenil canina \u00e9 uma doen\u00e7a pouco frequente que acomete c\u00e3es entre tr\u00eas semanas e quatro meses.&nbsp; A causa \u00e9 desconhecida. A hip\u00f3tese mais recente sugere uma prov\u00e1vel falha no sistema imune associada e, em parte, a uma predisposi\u00e7\u00e3o heredit\u00e1ria que pode estar relacionada a algum evento traum\u00e1tico como arranhaduras, vacina\u00e7\u00e3o e banhos com inseticidas com o surgimento dos primeiros sinais cl\u00ednicos.<\/p>\n<p style=\"text-align: justify;\"><strong>Sinais cl\u00ednicos<\/strong><\/p>\n<p style=\"text-align: justify;\">&nbsp;&nbsp;&nbsp;&nbsp;&nbsp;&nbsp;&nbsp;&nbsp;&nbsp;&nbsp;&nbsp; As primeiras altera\u00e7\u00f5es evidenciadas s\u00e3o, em sua grande maioria, face edematosa e hiper\u00eamica, especialmente as p\u00e1lpebras, l\u00e1bios e focinho. Pode haver tamb\u00e9m eritema e aumento de volume das patas. \u00c9 comum o envolvimento regional ou difuso dos linfonodos, especialmente os submandibulares, parot\u00eddeos, cervicais superficiais, inguinais e popl\u00edteos.<\/p>\n<p style=\"text-align: justify;\">Dentro de 24 a 48 horas, ap\u00f3s o in\u00edcio do processo, p\u00e1pulas e p\u00fastulas desenvolvem-se rapidamente, particularmente nos l\u00e1bios, queixo, ponte nasal e regi\u00e3o periocular que podem ulcerar. As les\u00f5es geralmente fistulam e drenam um conte\u00fado de car\u00e1ter seroso a hemorr\u00e1gico com posterior forma\u00e7\u00e3o de crostas. N\u00e3o \u00e9 raro observar edema e exsuda\u00e7\u00e3o da face interna do pavilh\u00e3o auricular como resultado de otite externa (Figura 1).<\/p>\n<p style=\"text-align: justify;\"><strong>Diagn\u00f3stico<\/strong><\/p>\n<p style=\"text-align: justify;\">&#8211; Exame citol\u00f3gico das les\u00f5es p\u00e1pulo-pustulares, do aspirado dos linfonodos afetados e dos n\u00f3dulos \u00edntegros revela inflama\u00e7\u00e3o piogranulomatosa com aus\u00eancia de microorganismos e culturas negativas.<\/p>\n<p style=\"text-align: justify;\">&#8211; A histopatologia das les\u00f5es mais precoces revela granulomas e piogranulomas m\u00faltiplos discretos ou confluentes, repletos por aglomerados de macr\u00f3fagos grandes e neutr\u00f3filos de tamanho e cores diferentes. O mesmo processo de inflama\u00e7\u00e3o granulomatosa pode ser observado em linfonodos distantes do local da les\u00e3o. Nas les\u00f5es graves ou tardias, s\u00e3o predominantes modifica\u00e7\u00f5es supurativas na derme e ao redor dos fol\u00edculos rompidos. &nbsp;<\/p>\n<p style=\"text-align: justify;\"><strong>Tratamento<\/strong><\/p>\n<p style=\"text-align: justify;\">&#8211; A droga de escolha \u00e9 a prednisona ou prednisolona na dose de 2 mg\/Kg a cada 24h por via oral at\u00e9 a cicatriza\u00e7\u00e3o das les\u00f5es, aproximadamente de uma a quatro semanas;<\/p>\n<p style=\"text-align: justify;\">&#8211; A utiliza\u00e7\u00e3o de antibi\u00f3ticos pode ser feita como medida profil\u00e1tica para evitar poss\u00edveis infec\u00e7\u00f5es bacterianas, uma vez que as a\u00e7\u00f5es imunossupressoras dos glicocortic\u00f3ides para uma necessidade terap\u00eautica podem facilitar o estabelecimento ou a dissemina\u00e7\u00e3o de infec\u00e7\u00f5es concomitantes;<\/p>\n<p style=\"text-align: justify;\">&#8211; O progn\u00f3stico \u00e9 bom quando ocorre resposta ao tratamento dentro de quatro a cinco dias.<\/p>\n<p><img loading=\"lazy\" class=\"alignnone size-medium wp-image-31545\" src=\"https:\/\/equalisveterinaria-ne.com.br\/cursos\/wp-content\/uploads\/2023\/02\/Celulite-Juvenil-Canina-01-300x225.jpg\" alt=\"\" width=\"300\" height=\"225\" srcset=\"https:\/\/equalisveterinaria-ne.com.br\/cursos\/wp-content\/uploads\/2023\/02\/Celulite-Juvenil-Canina-01-300x225.jpg 300w, https:\/\/equalisveterinaria-ne.com.br\/cursos\/wp-content\/uploads\/2023\/02\/Celulite-Juvenil-Canina-01-1024x768.jpg 1024w, https:\/\/equalisveterinaria-ne.com.br\/cursos\/wp-content\/uploads\/2023\/02\/Celulite-Juvenil-Canina-01-768x576.jpg 768w, https:\/\/equalisveterinaria-ne.com.br\/cursos\/wp-content\/uploads\/2023\/02\/Celulite-Juvenil-Canina-01-100x75.jpg 100w, https:\/\/equalisveterinaria-ne.com.br\/cursos\/wp-content\/uploads\/2023\/02\/Celulite-Juvenil-Canina-01-1536x1152.jpg 1536w, https:\/\/equalisveterinaria-ne.com.br\/cursos\/wp-content\/uploads\/2023\/02\/Celulite-Juvenil-Canina-01-2048x1536.jpg 2048w, https:\/\/equalisveterinaria-ne.com.br\/cursos\/wp-content\/uploads\/2023\/02\/Celulite-Juvenil-Canina-01-600x450.jpg 600w\" sizes=\"(max-width: 300px) 100vw, 300px\" \/><\/p>\n","protected":false},"excerpt":{"rendered":"<p>A celulite juvenil canina \u00e9 uma doen\u00e7a pouco frequente que acomete c\u00e3es entre tr\u00eas semanas e quatro meses.  A causa \u00e9 desconhecida. A hip\u00f3tese mais recente sugere uma prov\u00e1vel falha no sistema imune associada e, em parte, a uma predisposi\u00e7\u00e3o heredit\u00e1ria que pode estar relacionada a algum evento traum\u00e1tico como arranhaduras, vacina\u00e7\u00e3o e banhos com inseticidas com o surgimento dos primeiros sinais cl\u00ednicos.<\/p>\n","protected":false},"author":431,"featured_media":31545,"comment_status":"closed","ping_status":"closed","sticky":false,"template":"","format":"standard","meta":{"ngg_post_thumbnail":0},"categories":[1],"tags":[],"acf":[],"yoast_head":"<!-- This site is optimized with the Yoast SEO plugin v18.4.1 - https:\/\/yoast.com\/wordpress\/plugins\/seo\/ -->\n<title>Celulite Juvenil Canina - Equalis Nordeste - Cursos de P\u00f3s Gradua\u00e7\u00e3o em Medicina Veterin\u00e1ria<\/title>\n<meta name=\"robots\" content=\"index, follow, max-snippet:-1, max-image-preview:large, max-video-preview:-1\" \/>\n<link rel=\"canonical\" href=\"https:\/\/equalisveterinaria-ne.com.br\/cursos\/celulite-juvenil-canina\/\" \/>\n<meta property=\"og:locale\" content=\"pt_BR\" \/>\n<meta property=\"og:type\" content=\"article\" \/>\n<meta property=\"og:title\" content=\"Celulite Juvenil Canina - Equalis Nordeste - Cursos de P\u00f3s Gradua\u00e7\u00e3o em Medicina Veterin\u00e1ria\" \/>\n<meta property=\"og:description\" content=\"A celulite juvenil canina \u00e9 uma doen\u00e7a pouco frequente que acomete c\u00e3es entre tr\u00eas semanas e quatro meses. A causa \u00e9 desconhecida. A hip\u00f3tese mais recente sugere uma prov\u00e1vel falha no sistema imune associada e, em parte, a uma predisposi\u00e7\u00e3o heredit\u00e1ria que pode estar relacionada a algum evento traum\u00e1tico como arranhaduras, vacina\u00e7\u00e3o e banhos com inseticidas com o surgimento dos primeiros sinais cl\u00ednicos.\" \/>\n<meta property=\"og:url\" content=\"https:\/\/equalisveterinaria-ne.com.br\/cursos\/celulite-juvenil-canina\/\" \/>\n<meta property=\"og:site_name\" content=\"Equalis Nordeste - Cursos de P\u00f3s Gradua\u00e7\u00e3o em Medicina Veterin\u00e1ria\" \/>\n<meta property=\"article:published_time\" content=\"2023-02-21T15:44:11+00:00\" \/>\n<meta property=\"article:modified_time\" content=\"2023-02-23T12:23:21+00:00\" \/>\n<meta property=\"og:image\" content=\"https:\/\/equalisveterinaria-ne.com.br\/cursos\/wp-content\/uploads\/2023\/02\/Celulite-Juvenil-Canina-01-scaled.jpg\" \/>\n\t<meta property=\"og:image:width\" content=\"2560\" \/>\n\t<meta property=\"og:image:height\" content=\"1920\" \/>\n\t<meta property=\"og:image:type\" content=\"image\/jpeg\" \/>\n<meta name=\"twitter:card\" content=\"summary_large_image\" \/>\n<meta name=\"twitter:label1\" content=\"Escrito por\" \/>\n\t<meta name=\"twitter:data1\" content=\"Edna Michelly\" \/>\n\t<meta name=\"twitter:label2\" content=\"Est. tempo de leitura\" \/>\n\t<meta name=\"twitter:data2\" content=\"3 minutos\" \/>\n<script type=\"application\/ld+json\" class=\"yoast-schema-graph\">{\"@context\":\"https:\/\/schema.org\",\"@graph\":[{\"@type\":\"Organization\",\"@id\":\"https:\/\/equalisveterinaria-ne.com.br\/cursos\/#organization\",\"name\":\"Equalis Veterin\u00e1ria\",\"url\":\"https:\/\/equalisveterinaria-ne.com.br\/cursos\/\",\"sameAs\":[],\"logo\":{\"@type\":\"ImageObject\",\"@id\":\"https:\/\/equalisveterinaria-ne.com.br\/cursos\/#logo\",\"inLanguage\":\"pt-BR\",\"url\":\"https:\/\/equalisveterinaria-ne.com.br\/cursos\/wp-content\/uploads\/2019\/10\/logo-fixed.png\",\"contentUrl\":\"https:\/\/equalisveterinaria-ne.com.br\/cursos\/wp-content\/uploads\/2019\/10\/logo-fixed.png\",\"width\":164,\"height\":49,\"caption\":\"Equalis Veterin\u00e1ria\"},\"image\":{\"@id\":\"https:\/\/equalisveterinaria-ne.com.br\/cursos\/#logo\"}},{\"@type\":\"WebSite\",\"@id\":\"https:\/\/equalisveterinaria-ne.com.br\/cursos\/#website\",\"url\":\"https:\/\/equalisveterinaria-ne.com.br\/cursos\/\",\"name\":\"Equalis Nordeste - Cursos de P\u00f3s Gradua\u00e7\u00e3o em Medicina Veterin\u00e1ria\",\"description\":\"Educa\u00e7\u00e3o em Medicina Veterin\u00e1ria\",\"publisher\":{\"@id\":\"https:\/\/equalisveterinaria-ne.com.br\/cursos\/#organization\"},\"potentialAction\":[{\"@type\":\"SearchAction\",\"target\":{\"@type\":\"EntryPoint\",\"urlTemplate\":\"https:\/\/equalisveterinaria-ne.com.br\/cursos\/?s={search_term_string}\"},\"query-input\":\"required name=search_term_string\"}],\"inLanguage\":\"pt-BR\"},{\"@type\":\"ImageObject\",\"@id\":\"https:\/\/equalisveterinaria-ne.com.br\/cursos\/celulite-juvenil-canina\/#primaryimage\",\"inLanguage\":\"pt-BR\",\"url\":\"https:\/\/equalisveterinaria-ne.com.br\/cursos\/wp-content\/uploads\/2023\/02\/Celulite-Juvenil-Canina-01-scaled.jpg\",\"contentUrl\":\"https:\/\/equalisveterinaria-ne.com.br\/cursos\/wp-content\/uploads\/2023\/02\/Celulite-Juvenil-Canina-01-scaled.jpg\",\"width\":2560,\"height\":1920},{\"@type\":\"WebPage\",\"@id\":\"https:\/\/equalisveterinaria-ne.com.br\/cursos\/celulite-juvenil-canina\/#webpage\",\"url\":\"https:\/\/equalisveterinaria-ne.com.br\/cursos\/celulite-juvenil-canina\/\",\"name\":\"Celulite Juvenil Canina - Equalis Nordeste - Cursos de P\u00f3s Gradua\u00e7\u00e3o em Medicina Veterin\u00e1ria\",\"isPartOf\":{\"@id\":\"https:\/\/equalisveterinaria-ne.com.br\/cursos\/#website\"},\"primaryImageOfPage\":{\"@id\":\"https:\/\/equalisveterinaria-ne.com.br\/cursos\/celulite-juvenil-canina\/#primaryimage\"},\"datePublished\":\"2023-02-21T15:44:11+00:00\",\"dateModified\":\"2023-02-23T12:23:21+00:00\",\"breadcrumb\":{\"@id\":\"https:\/\/equalisveterinaria-ne.com.br\/cursos\/celulite-juvenil-canina\/#breadcrumb\"},\"inLanguage\":\"pt-BR\",\"potentialAction\":[{\"@type\":\"ReadAction\",\"target\":[\"https:\/\/equalisveterinaria-ne.com.br\/cursos\/celulite-juvenil-canina\/\"]}]},{\"@type\":\"BreadcrumbList\",\"@id\":\"https:\/\/equalisveterinaria-ne.com.br\/cursos\/celulite-juvenil-canina\/#breadcrumb\",\"itemListElement\":[{\"@type\":\"ListItem\",\"position\":1,\"name\":\"Home\",\"item\":\"https:\/\/equalisveterinaria-ne.com.br\/cursos\/\"},{\"@type\":\"ListItem\",\"position\":2,\"name\":\"Celulite Juvenil Canina\"}]},{\"@type\":\"Article\",\"@id\":\"https:\/\/equalisveterinaria-ne.com.br\/cursos\/celulite-juvenil-canina\/#article\",\"isPartOf\":{\"@id\":\"https:\/\/equalisveterinaria-ne.com.br\/cursos\/celulite-juvenil-canina\/#webpage\"},\"author\":{\"@id\":\"https:\/\/equalisveterinaria-ne.com.br\/cursos\/#\/schema\/person\/f5846bb5c4ab479896dc98d0cd2e83c6\"},\"headline\":\"Celulite Juvenil Canina\",\"datePublished\":\"2023-02-21T15:44:11+00:00\",\"dateModified\":\"2023-02-23T12:23:21+00:00\",\"mainEntityOfPage\":{\"@id\":\"https:\/\/equalisveterinaria-ne.com.br\/cursos\/celulite-juvenil-canina\/#webpage\"},\"wordCount\":422,\"publisher\":{\"@id\":\"https:\/\/equalisveterinaria-ne.com.br\/cursos\/#organization\"},\"image\":{\"@id\":\"https:\/\/equalisveterinaria-ne.com.br\/cursos\/celulite-juvenil-canina\/#primaryimage\"},\"thumbnailUrl\":\"https:\/\/equalisveterinaria-ne.com.br\/cursos\/wp-content\/uploads\/2023\/02\/Celulite-Juvenil-Canina-01-scaled.jpg\",\"articleSection\":[\"Blog\"],\"inLanguage\":\"pt-BR\"},{\"@type\":\"Person\",\"@id\":\"https:\/\/equalisveterinaria-ne.com.br\/cursos\/#\/schema\/person\/f5846bb5c4ab479896dc98d0cd2e83c6\",\"name\":\"Edna Michelly\",\"image\":{\"@type\":\"ImageObject\",\"@id\":\"https:\/\/equalisveterinaria-ne.com.br\/cursos\/#personlogo\",\"inLanguage\":\"pt-BR\",\"url\":\"https:\/\/secure.gravatar.com\/avatar\/17313bc8a6dceeef83551084aad718c8?s=96&d=mm&r=g\",\"contentUrl\":\"https:\/\/secure.gravatar.com\/avatar\/17313bc8a6dceeef83551084aad718c8?s=96&d=mm&r=g\",\"caption\":\"Edna Michelly\"}}]}<\/script>\n<!-- \/ Yoast SEO plugin. -->","yoast_head_json":{"title":"Celulite Juvenil Canina - Equalis Nordeste - Cursos de P\u00f3s Gradua\u00e7\u00e3o em Medicina Veterin\u00e1ria","robots":{"index":"index","follow":"follow","max-snippet":"max-snippet:-1","max-image-preview":"max-image-preview:large","max-video-preview":"max-video-preview:-1"},"canonical":"https:\/\/equalisveterinaria-ne.com.br\/cursos\/celulite-juvenil-canina\/","og_locale":"pt_BR","og_type":"article","og_title":"Celulite Juvenil Canina - Equalis Nordeste - Cursos de P\u00f3s Gradua\u00e7\u00e3o em Medicina Veterin\u00e1ria","og_description":"A celulite juvenil canina \u00e9 uma doen\u00e7a pouco frequente que acomete c\u00e3es entre tr\u00eas semanas e quatro meses. A causa \u00e9 desconhecida. A hip\u00f3tese mais recente sugere uma prov\u00e1vel falha no sistema imune associada e, em parte, a uma predisposi\u00e7\u00e3o heredit\u00e1ria que pode estar relacionada a algum evento traum\u00e1tico como arranhaduras, vacina\u00e7\u00e3o e banhos com inseticidas com o surgimento dos primeiros sinais cl\u00ednicos.","og_url":"https:\/\/equalisveterinaria-ne.com.br\/cursos\/celulite-juvenil-canina\/","og_site_name":"Equalis Nordeste - Cursos de P\u00f3s Gradua\u00e7\u00e3o em Medicina Veterin\u00e1ria","article_published_time":"2023-02-21T15:44:11+00:00","article_modified_time":"2023-02-23T12:23:21+00:00","og_image":[{"width":2560,"height":1920,"url":"https:\/\/equalisveterinaria-ne.com.br\/cursos\/wp-content\/uploads\/2023\/02\/Celulite-Juvenil-Canina-01-scaled.jpg","type":"image\/jpeg"}],"twitter_card":"summary_large_image","twitter_misc":{"Escrito por":"Edna Michelly","Est. tempo de leitura":"3 minutos"},"schema":{"@context":"https:\/\/schema.org","@graph":[{"@type":"Organization","@id":"https:\/\/equalisveterinaria-ne.com.br\/cursos\/#organization","name":"Equalis Veterin\u00e1ria","url":"https:\/\/equalisveterinaria-ne.com.br\/cursos\/","sameAs":[],"logo":{"@type":"ImageObject","@id":"https:\/\/equalisveterinaria-ne.com.br\/cursos\/#logo","inLanguage":"pt-BR","url":"https:\/\/equalisveterinaria-ne.com.br\/cursos\/wp-content\/uploads\/2019\/10\/logo-fixed.png","contentUrl":"https:\/\/equalisveterinaria-ne.com.br\/cursos\/wp-content\/uploads\/2019\/10\/logo-fixed.png","width":164,"height":49,"caption":"Equalis Veterin\u00e1ria"},"image":{"@id":"https:\/\/equalisveterinaria-ne.com.br\/cursos\/#logo"}},{"@type":"WebSite","@id":"https:\/\/equalisveterinaria-ne.com.br\/cursos\/#website","url":"https:\/\/equalisveterinaria-ne.com.br\/cursos\/","name":"Equalis Nordeste - Cursos de P\u00f3s Gradua\u00e7\u00e3o em Medicina Veterin\u00e1ria","description":"Educa\u00e7\u00e3o em Medicina Veterin\u00e1ria","publisher":{"@id":"https:\/\/equalisveterinaria-ne.com.br\/cursos\/#organization"},"potentialAction":[{"@type":"SearchAction","target":{"@type":"EntryPoint","urlTemplate":"https:\/\/equalisveterinaria-ne.com.br\/cursos\/?s={search_term_string}"},"query-input":"required name=search_term_string"}],"inLanguage":"pt-BR"},{"@type":"ImageObject","@id":"https:\/\/equalisveterinaria-ne.com.br\/cursos\/celulite-juvenil-canina\/#primaryimage","inLanguage":"pt-BR","url":"https:\/\/equalisveterinaria-ne.com.br\/cursos\/wp-content\/uploads\/2023\/02\/Celulite-Juvenil-Canina-01-scaled.jpg","contentUrl":"https:\/\/equalisveterinaria-ne.com.br\/cursos\/wp-content\/uploads\/2023\/02\/Celulite-Juvenil-Canina-01-scaled.jpg","width":2560,"height":1920},{"@type":"WebPage","@id":"https:\/\/equalisveterinaria-ne.com.br\/cursos\/celulite-juvenil-canina\/#webpage","url":"https:\/\/equalisveterinaria-ne.com.br\/cursos\/celulite-juvenil-canina\/","name":"Celulite Juvenil Canina - Equalis Nordeste - Cursos de P\u00f3s Gradua\u00e7\u00e3o em Medicina Veterin\u00e1ria","isPartOf":{"@id":"https:\/\/equalisveterinaria-ne.com.br\/cursos\/#website"},"primaryImageOfPage":{"@id":"https:\/\/equalisveterinaria-ne.com.br\/cursos\/celulite-juvenil-canina\/#primaryimage"},"datePublished":"2023-02-21T15:44:11+00:00","dateModified":"2023-02-23T12:23:21+00:00","breadcrumb":{"@id":"https:\/\/equalisveterinaria-ne.com.br\/cursos\/celulite-juvenil-canina\/#breadcrumb"},"inLanguage":"pt-BR","potentialAction":[{"@type":"ReadAction","target":["https:\/\/equalisveterinaria-ne.com.br\/cursos\/celulite-juvenil-canina\/"]}]},{"@type":"BreadcrumbList","@id":"https:\/\/equalisveterinaria-ne.com.br\/cursos\/celulite-juvenil-canina\/#breadcrumb","itemListElement":[{"@type":"ListItem","position":1,"name":"Home","item":"https:\/\/equalisveterinaria-ne.com.br\/cursos\/"},{"@type":"ListItem","position":2,"name":"Celulite Juvenil Canina"}]},{"@type":"Article","@id":"https:\/\/equalisveterinaria-ne.com.br\/cursos\/celulite-juvenil-canina\/#article","isPartOf":{"@id":"https:\/\/equalisveterinaria-ne.com.br\/cursos\/celulite-juvenil-canina\/#webpage"},"author":{"@id":"https:\/\/equalisveterinaria-ne.com.br\/cursos\/#\/schema\/person\/f5846bb5c4ab479896dc98d0cd2e83c6"},"headline":"Celulite Juvenil Canina","datePublished":"2023-02-21T15:44:11+00:00","dateModified":"2023-02-23T12:23:21+00:00","mainEntityOfPage":{"@id":"https:\/\/equalisveterinaria-ne.com.br\/cursos\/celulite-juvenil-canina\/#webpage"},"wordCount":422,"publisher":{"@id":"https:\/\/equalisveterinaria-ne.com.br\/cursos\/#organization"},"image":{"@id":"https:\/\/equalisveterinaria-ne.com.br\/cursos\/celulite-juvenil-canina\/#primaryimage"},"thumbnailUrl":"https:\/\/equalisveterinaria-ne.com.br\/cursos\/wp-content\/uploads\/2023\/02\/Celulite-Juvenil-Canina-01-scaled.jpg","articleSection":["Blog"],"inLanguage":"pt-BR"},{"@type":"Person","@id":"https:\/\/equalisveterinaria-ne.com.br\/cursos\/#\/schema\/person\/f5846bb5c4ab479896dc98d0cd2e83c6","name":"Edna Michelly","image":{"@type":"ImageObject","@id":"https:\/\/equalisveterinaria-ne.com.br\/cursos\/#personlogo","inLanguage":"pt-BR","url":"https:\/\/secure.gravatar.com\/avatar\/17313bc8a6dceeef83551084aad718c8?s=96&d=mm&r=g","contentUrl":"https:\/\/secure.gravatar.com\/avatar\/17313bc8a6dceeef83551084aad718c8?s=96&d=mm&r=g","caption":"Edna Michelly"}}]}},"_links":{"self":[{"href":"https:\/\/equalisveterinaria-ne.com.br\/cursos\/wp-json\/wp\/v2\/posts\/31544"}],"collection":[{"href":"https:\/\/equalisveterinaria-ne.com.br\/cursos\/wp-json\/wp\/v2\/posts"}],"about":[{"href":"https:\/\/equalisveterinaria-ne.com.br\/cursos\/wp-json\/wp\/v2\/types\/post"}],"author":[{"embeddable":true,"href":"https:\/\/equalisveterinaria-ne.com.br\/cursos\/wp-json\/wp\/v2\/users\/431"}],"replies":[{"embeddable":true,"href":"https:\/\/equalisveterinaria-ne.com.br\/cursos\/wp-json\/wp\/v2\/comments?post=31544"}],"version-history":[{"count":1,"href":"https:\/\/equalisveterinaria-ne.com.br\/cursos\/wp-json\/wp\/v2\/posts\/31544\/revisions"}],"predecessor-version":[{"id":31546,"href":"https:\/\/equalisveterinaria-ne.com.br\/cursos\/wp-json\/wp\/v2\/posts\/31544\/revisions\/31546"}],"wp:featuredmedia":[{"embeddable":true,"href":"https:\/\/equalisveterinaria-ne.com.br\/cursos\/wp-json\/wp\/v2\/media\/31545"}],"wp:attachment":[{"href":"https:\/\/equalisveterinaria-ne.com.br\/cursos\/wp-json\/wp\/v2\/media?parent=31544"}],"wp:term":[{"taxonomy":"category","embeddable":true,"href":"https:\/\/equalisveterinaria-ne.com.br\/cursos\/wp-json\/wp\/v2\/categories?post=31544"},{"taxonomy":"post_tag","embeddable":true,"href":"https:\/\/equalisveterinaria-ne.com.br\/cursos\/wp-json\/wp\/v2\/tags?post=31544"}],"curies":[{"name":"wp","href":"https:\/\/api.w.org\/{rel}","templated":true}]}}