{"id":31699,"date":"2023-03-30T14:05:02","date_gmt":"2023-03-30T17:05:02","guid":{"rendered":"https:\/\/equalisveterinaria-ne.com.br\/?p=31699"},"modified":"2023-03-31T14:28:16","modified_gmt":"2023-03-31T17:28:16","slug":"classificacao-das-cordas-tendineas","status":"publish","type":"post","link":"https:\/\/equalisveterinaria-ne.com.br\/cursos\/classificacao-das-cordas-tendineas\/","title":{"rendered":"Classifica\u00e7\u00e3o das Cordas Tend\u00edneas"},"content":{"rendered":"<p style=\"text-align: justify;\">As cordas tend\u00edneas, ou tendinosas, s\u00e3o tend\u00f5es que unem as c\u00faspides das valvas atrioventriculares aos m\u00fasculos papilares nos ventr\u00edculos do cora\u00e7\u00e3o. O que impede que as valvas se invertam durante a contra\u00e7\u00e3o ventricular. Mas, antes de falarmos das cordoalhas propriamente ditas, temos que relembrar um pouco de como a valva mitral \u00e9 anatomicamente organizada.<\/p>\n<p style=\"text-align: justify;\">O <strong>anel valvar<\/strong>, ou \u00e2nulo valvar, constitui uma&nbsp;<strong>estrutura fibromuscular&nbsp;<\/strong>atrav\u00e9s da qual os folhetos se fixam. O \u00e2nulo valvar mitral pode ser dividido em anterior e posterior, baseado na inser\u00e7\u00e3o do folheto correspondente.<\/p>\n<p style=\"text-align: justify;\">J\u00e1 os folhetos valvares (anterior e posterior) possuem, uma&nbsp;<strong>zona de superf\u00edcie lisa<\/strong>&nbsp;(<em>smooth zone<\/em>) e outra zona de superf\u00edcie dita <strong>rugosa<\/strong> (<em>rough zone<\/em>), onde se&nbsp;<strong>conectam&nbsp;<\/strong>aos m\u00fasculos papilares atrav\u00e9s das<strong>&nbsp;cordoalhas tend\u00edneas<\/strong>.<\/p>\n<p><img loading=\"lazy\" class=\"aligncenter wp-image-31700 size-full\" src=\"https:\/\/equalisveterinaria-ne.com.br\/cursos\/wp-content\/uploads\/2023\/03\/Cordas-Tendineas-01.jpg\" alt=\"\" width=\"491\" height=\"463\" srcset=\"https:\/\/equalisveterinaria-ne.com.br\/cursos\/wp-content\/uploads\/2023\/03\/Cordas-Tendineas-01.jpg 491w, https:\/\/equalisveterinaria-ne.com.br\/cursos\/wp-content\/uploads\/2023\/03\/Cordas-Tendineas-01-300x283.jpg 300w, https:\/\/equalisveterinaria-ne.com.br\/cursos\/wp-content\/uploads\/2023\/03\/Cordas-Tendineas-01-100x94.jpg 100w\" sizes=\"(max-width: 491px) 100vw, 491px\" \/><\/p>\n<p style=\"text-align: justify;\">Como de conhecimento, os folhetos valvares s\u00e3o subdivididos em&nbsp;<em>scallops<\/em>&nbsp;(tema abordado em outra publica\u00e7\u00e3o aqui nesse Blog) de acordo com a&nbsp;<strong>segmenta\u00e7\u00e3o<\/strong>&nbsp;proposta por&nbsp;<strong>Carpentier<\/strong>.<\/p>\n<p style=\"text-align: justify;\">As&nbsp;<strong>cordas tend\u00edneas<\/strong>&nbsp;s\u00e3o respons\u00e1veis pela determina\u00e7\u00e3o da&nbsp;<strong>posi\u00e7\u00e3o<\/strong>&nbsp;e a&nbsp;<strong>tens\u00e3o<\/strong>&nbsp;de ambos os folhetos durante o final da s\u00edstole ventricular. S\u00e3o&nbsp;<strong>extens\u00f5es fibrosas<\/strong>&nbsp;que se originam dos m\u00fasculos papilares, mas tamb\u00e9m, de forma menos frequente, podem ter origem na parede inferolateral do ventr\u00edculo.<\/p>\n<p style=\"text-align: justify;\">A <strong>classifica\u00e7\u00e3o se baseia <\/strong>de acordo com o&nbsp;<strong>local de inser\u00e7\u00e3o&nbsp;<\/strong>na face ventricular dos folhetos valvares. As&nbsp;<strong>cordoalhas<\/strong>&nbsp;ditas&nbsp;<strong>\u201cprim\u00e1rias\u201d<\/strong>&nbsp;(ou de primeira ordem) se inserem na&nbsp;<strong>margem livre<\/strong>&nbsp;dos folhetos e ajudam a prevenir o&nbsp;<strong>prolapso valvar<\/strong>.<\/p>\n<p style=\"text-align: justify;\">As&nbsp;<strong>cordoalhas \u201csecund\u00e1rias\u201d<\/strong>&nbsp;(intermedi\u00e1rias ou de segunda ordem) se inserem na&nbsp;<strong>superf\u00edcie ventricular esquerda dos folhetos<\/strong>, prevenindo que os folhetos&nbsp;<strong>\u201condulem\u201d&nbsp;<\/strong>durante a redu\u00e7\u00e3o da tens\u00e3o de acordo com o momento do ciclo card\u00edaco.<\/p>\n<p><img loading=\"lazy\" class=\"alignnone wp-image-31701 size-full\" src=\"https:\/\/equalisveterinaria-ne.com.br\/cursos\/wp-content\/uploads\/2023\/03\/Cordas-Tendineas-02.jpg\" alt=\"\" width=\"695\" height=\"442\" srcset=\"https:\/\/equalisveterinaria-ne.com.br\/cursos\/wp-content\/uploads\/2023\/03\/Cordas-Tendineas-02.jpg 695w, https:\/\/equalisveterinaria-ne.com.br\/cursos\/wp-content\/uploads\/2023\/03\/Cordas-Tendineas-02-300x191.jpg 300w, https:\/\/equalisveterinaria-ne.com.br\/cursos\/wp-content\/uploads\/2023\/03\/Cordas-Tendineas-02-100x64.jpg 100w, https:\/\/equalisveterinaria-ne.com.br\/cursos\/wp-content\/uploads\/2023\/03\/Cordas-Tendineas-02-600x382.jpg 600w\" sizes=\"(max-width: 695px) 100vw, 695px\" \/><\/p>\n<p style=\"text-align: justify;\">As&nbsp;<strong>cordoalhas \u201cterci\u00e1rias\u201d<\/strong>&nbsp;(ou basais) s\u00e3o aquelas que se inserem na base dos folhetos ou no anel valvar propriamente dito. Alguns autores consideram como terci\u00e1rias aquelas cordoalhas que se&nbsp;<strong>originam da parede ventricular<\/strong>&nbsp;(e n\u00e3o dos m\u00fasculos papilares). Sua fun\u00e7\u00e3o espec\u00edfica ainda \u00e9 incerta.<\/p>\n<p style=\"text-align: justify;\">Apesar de haver diversas classifica\u00e7\u00f5es, a import\u00e2ncia pr\u00e1tica desta divis\u00e3o \u00e9 que, em uma eventual les\u00e3o de cordoalha tend\u00ednea, a ruptura das cordoalhas prim\u00e1rias pode levar a evers\u00e3o (<em>flail)<\/em>&nbsp;do folheto valvar (v\u00eddeo). J\u00e1 na les\u00e3o de cordoalhas secund\u00e1rias, o flail comumente n\u00e3o ocorre.<\/p>\n","protected":false},"excerpt":{"rendered":"<p>As cordas tend\u00edneas, ou tendinosas, s\u00e3o tend\u00f5es que unem as c\u00faspides das valvas atrioventriculares aos m\u00fasculos papilares nos ventr\u00edculos do cora\u00e7\u00e3o. O que impede que as valvas se invertam durante a contra\u00e7\u00e3o ventricular. Mas, antes de falarmos das cordoalhas propriamente ditas, temos que relembrar um pouco de como a valva mitral \u00e9 anatomicamente organizada. O [&hellip;]<\/p>\n","protected":false},"author":432,"featured_media":31700,"comment_status":"closed","ping_status":"closed","sticky":false,"template":"","format":"standard","meta":{"ngg_post_thumbnail":0},"categories":[1],"tags":[],"acf":[],"yoast_head":"<!-- This site is optimized with the Yoast SEO plugin v18.4.1 - https:\/\/yoast.com\/wordpress\/plugins\/seo\/ -->\n<title>Classifica\u00e7\u00e3o das Cordas Tend\u00edneas - Equalis Nordeste - Cursos de P\u00f3s Gradua\u00e7\u00e3o em Medicina Veterin\u00e1ria<\/title>\n<meta name=\"robots\" content=\"index, follow, max-snippet:-1, max-image-preview:large, max-video-preview:-1\" \/>\n<link rel=\"canonical\" href=\"https:\/\/equalisveterinaria-ne.com.br\/cursos\/classificacao-das-cordas-tendineas\/\" \/>\n<meta property=\"og:locale\" content=\"pt_BR\" \/>\n<meta property=\"og:type\" content=\"article\" \/>\n<meta property=\"og:title\" content=\"Classifica\u00e7\u00e3o das Cordas Tend\u00edneas - Equalis Nordeste - Cursos de P\u00f3s Gradua\u00e7\u00e3o em Medicina Veterin\u00e1ria\" \/>\n<meta property=\"og:description\" content=\"As cordas tend\u00edneas, ou tendinosas, s\u00e3o tend\u00f5es que unem as c\u00faspides das valvas atrioventriculares aos m\u00fasculos papilares nos ventr\u00edculos do cora\u00e7\u00e3o. O que impede que as valvas se invertam durante a contra\u00e7\u00e3o ventricular. Mas, antes de falarmos das cordoalhas propriamente ditas, temos que relembrar um pouco de como a valva mitral \u00e9 anatomicamente organizada. O [&hellip;]\" \/>\n<meta property=\"og:url\" content=\"https:\/\/equalisveterinaria-ne.com.br\/cursos\/classificacao-das-cordas-tendineas\/\" \/>\n<meta property=\"og:site_name\" content=\"Equalis Nordeste - Cursos de P\u00f3s Gradua\u00e7\u00e3o em Medicina Veterin\u00e1ria\" \/>\n<meta property=\"article:published_time\" content=\"2023-03-30T17:05:02+00:00\" \/>\n<meta property=\"article:modified_time\" content=\"2023-03-31T17:28:16+00:00\" \/>\n<meta property=\"og:image\" content=\"https:\/\/equalisveterinaria-ne.com.br\/cursos\/wp-content\/uploads\/2023\/03\/Cordas-Tendineas-01.jpg\" \/>\n\t<meta property=\"og:image:width\" content=\"491\" \/>\n\t<meta property=\"og:image:height\" content=\"463\" \/>\n\t<meta property=\"og:image:type\" content=\"image\/jpeg\" \/>\n<meta name=\"twitter:card\" content=\"summary_large_image\" \/>\n<meta name=\"twitter:label1\" content=\"Escrito por\" \/>\n\t<meta name=\"twitter:data1\" content=\"Ilvio Vidal\" \/>\n\t<meta name=\"twitter:label2\" content=\"Est. tempo de leitura\" \/>\n\t<meta name=\"twitter:data2\" content=\"3 minutos\" \/>\n<script type=\"application\/ld+json\" class=\"yoast-schema-graph\">{\"@context\":\"https:\/\/schema.org\",\"@graph\":[{\"@type\":\"Organization\",\"@id\":\"https:\/\/equalisveterinaria-ne.com.br\/cursos\/#organization\",\"name\":\"Equalis Veterin\u00e1ria\",\"url\":\"https:\/\/equalisveterinaria-ne.com.br\/cursos\/\",\"sameAs\":[],\"logo\":{\"@type\":\"ImageObject\",\"@id\":\"https:\/\/equalisveterinaria-ne.com.br\/cursos\/#logo\",\"inLanguage\":\"pt-BR\",\"url\":\"https:\/\/equalisveterinaria-ne.com.br\/cursos\/wp-content\/uploads\/2019\/10\/logo-fixed.png\",\"contentUrl\":\"https:\/\/equalisveterinaria-ne.com.br\/cursos\/wp-content\/uploads\/2019\/10\/logo-fixed.png\",\"width\":164,\"height\":49,\"caption\":\"Equalis Veterin\u00e1ria\"},\"image\":{\"@id\":\"https:\/\/equalisveterinaria-ne.com.br\/cursos\/#logo\"}},{\"@type\":\"WebSite\",\"@id\":\"https:\/\/equalisveterinaria-ne.com.br\/cursos\/#website\",\"url\":\"https:\/\/equalisveterinaria-ne.com.br\/cursos\/\",\"name\":\"Equalis Nordeste - Cursos de P\u00f3s Gradua\u00e7\u00e3o em Medicina Veterin\u00e1ria\",\"description\":\"Educa\u00e7\u00e3o em Medicina Veterin\u00e1ria\",\"publisher\":{\"@id\":\"https:\/\/equalisveterinaria-ne.com.br\/cursos\/#organization\"},\"potentialAction\":[{\"@type\":\"SearchAction\",\"target\":{\"@type\":\"EntryPoint\",\"urlTemplate\":\"https:\/\/equalisveterinaria-ne.com.br\/cursos\/?s={search_term_string}\"},\"query-input\":\"required name=search_term_string\"}],\"inLanguage\":\"pt-BR\"},{\"@type\":\"ImageObject\",\"@id\":\"https:\/\/equalisveterinaria-ne.com.br\/cursos\/classificacao-das-cordas-tendineas\/#primaryimage\",\"inLanguage\":\"pt-BR\",\"url\":\"https:\/\/equalisveterinaria-ne.com.br\/cursos\/wp-content\/uploads\/2023\/03\/Cordas-Tendineas-01.jpg\",\"contentUrl\":\"https:\/\/equalisveterinaria-ne.com.br\/cursos\/wp-content\/uploads\/2023\/03\/Cordas-Tendineas-01.jpg\",\"width\":491,\"height\":463},{\"@type\":\"WebPage\",\"@id\":\"https:\/\/equalisveterinaria-ne.com.br\/cursos\/classificacao-das-cordas-tendineas\/#webpage\",\"url\":\"https:\/\/equalisveterinaria-ne.com.br\/cursos\/classificacao-das-cordas-tendineas\/\",\"name\":\"Classifica\u00e7\u00e3o das Cordas Tend\u00edneas - Equalis Nordeste - Cursos de P\u00f3s Gradua\u00e7\u00e3o em Medicina Veterin\u00e1ria\",\"isPartOf\":{\"@id\":\"https:\/\/equalisveterinaria-ne.com.br\/cursos\/#website\"},\"primaryImageOfPage\":{\"@id\":\"https:\/\/equalisveterinaria-ne.com.br\/cursos\/classificacao-das-cordas-tendineas\/#primaryimage\"},\"datePublished\":\"2023-03-30T17:05:02+00:00\",\"dateModified\":\"2023-03-31T17:28:16+00:00\",\"breadcrumb\":{\"@id\":\"https:\/\/equalisveterinaria-ne.com.br\/cursos\/classificacao-das-cordas-tendineas\/#breadcrumb\"},\"inLanguage\":\"pt-BR\",\"potentialAction\":[{\"@type\":\"ReadAction\",\"target\":[\"https:\/\/equalisveterinaria-ne.com.br\/cursos\/classificacao-das-cordas-tendineas\/\"]}]},{\"@type\":\"BreadcrumbList\",\"@id\":\"https:\/\/equalisveterinaria-ne.com.br\/cursos\/classificacao-das-cordas-tendineas\/#breadcrumb\",\"itemListElement\":[{\"@type\":\"ListItem\",\"position\":1,\"name\":\"Home\",\"item\":\"https:\/\/equalisveterinaria-ne.com.br\/cursos\/\"},{\"@type\":\"ListItem\",\"position\":2,\"name\":\"Classifica\u00e7\u00e3o das Cordas Tend\u00edneas\"}]},{\"@type\":\"Article\",\"@id\":\"https:\/\/equalisveterinaria-ne.com.br\/cursos\/classificacao-das-cordas-tendineas\/#article\",\"isPartOf\":{\"@id\":\"https:\/\/equalisveterinaria-ne.com.br\/cursos\/classificacao-das-cordas-tendineas\/#webpage\"},\"author\":{\"@id\":\"https:\/\/equalisveterinaria-ne.com.br\/cursos\/#\/schema\/person\/d3f279bf80b982b9f354953edb966d74\"},\"headline\":\"Classifica\u00e7\u00e3o das Cordas Tend\u00edneas\",\"datePublished\":\"2023-03-30T17:05:02+00:00\",\"dateModified\":\"2023-03-31T17:28:16+00:00\",\"mainEntityOfPage\":{\"@id\":\"https:\/\/equalisveterinaria-ne.com.br\/cursos\/classificacao-das-cordas-tendineas\/#webpage\"},\"wordCount\":454,\"publisher\":{\"@id\":\"https:\/\/equalisveterinaria-ne.com.br\/cursos\/#organization\"},\"image\":{\"@id\":\"https:\/\/equalisveterinaria-ne.com.br\/cursos\/classificacao-das-cordas-tendineas\/#primaryimage\"},\"thumbnailUrl\":\"https:\/\/equalisveterinaria-ne.com.br\/cursos\/wp-content\/uploads\/2023\/03\/Cordas-Tendineas-01.jpg\",\"articleSection\":[\"Blog\"],\"inLanguage\":\"pt-BR\"},{\"@type\":\"Person\",\"@id\":\"https:\/\/equalisveterinaria-ne.com.br\/cursos\/#\/schema\/person\/d3f279bf80b982b9f354953edb966d74\",\"name\":\"Ilvio Vidal\",\"image\":{\"@type\":\"ImageObject\",\"@id\":\"https:\/\/equalisveterinaria-ne.com.br\/cursos\/#personlogo\",\"inLanguage\":\"pt-BR\",\"url\":\"https:\/\/secure.gravatar.com\/avatar\/9cc5dffbbdf533180024c9071d2030c1?s=96&d=mm&r=g\",\"contentUrl\":\"https:\/\/secure.gravatar.com\/avatar\/9cc5dffbbdf533180024c9071d2030c1?s=96&d=mm&r=g\",\"caption\":\"Ilvio Vidal\"}}]}<\/script>\n<!-- \/ Yoast SEO plugin. -->","yoast_head_json":{"title":"Classifica\u00e7\u00e3o das Cordas Tend\u00edneas - Equalis Nordeste - Cursos de P\u00f3s Gradua\u00e7\u00e3o em Medicina Veterin\u00e1ria","robots":{"index":"index","follow":"follow","max-snippet":"max-snippet:-1","max-image-preview":"max-image-preview:large","max-video-preview":"max-video-preview:-1"},"canonical":"https:\/\/equalisveterinaria-ne.com.br\/cursos\/classificacao-das-cordas-tendineas\/","og_locale":"pt_BR","og_type":"article","og_title":"Classifica\u00e7\u00e3o das Cordas Tend\u00edneas - Equalis Nordeste - Cursos de P\u00f3s Gradua\u00e7\u00e3o em Medicina Veterin\u00e1ria","og_description":"As cordas tend\u00edneas, ou tendinosas, s\u00e3o tend\u00f5es que unem as c\u00faspides das valvas atrioventriculares aos m\u00fasculos papilares nos ventr\u00edculos do cora\u00e7\u00e3o. O que impede que as valvas se invertam durante a contra\u00e7\u00e3o ventricular. Mas, antes de falarmos das cordoalhas propriamente ditas, temos que relembrar um pouco de como a valva mitral \u00e9 anatomicamente organizada. O [&hellip;]","og_url":"https:\/\/equalisveterinaria-ne.com.br\/cursos\/classificacao-das-cordas-tendineas\/","og_site_name":"Equalis Nordeste - Cursos de P\u00f3s Gradua\u00e7\u00e3o em Medicina Veterin\u00e1ria","article_published_time":"2023-03-30T17:05:02+00:00","article_modified_time":"2023-03-31T17:28:16+00:00","og_image":[{"width":491,"height":463,"url":"https:\/\/equalisveterinaria-ne.com.br\/cursos\/wp-content\/uploads\/2023\/03\/Cordas-Tendineas-01.jpg","type":"image\/jpeg"}],"twitter_card":"summary_large_image","twitter_misc":{"Escrito por":"Ilvio Vidal","Est. tempo de leitura":"3 minutos"},"schema":{"@context":"https:\/\/schema.org","@graph":[{"@type":"Organization","@id":"https:\/\/equalisveterinaria-ne.com.br\/cursos\/#organization","name":"Equalis Veterin\u00e1ria","url":"https:\/\/equalisveterinaria-ne.com.br\/cursos\/","sameAs":[],"logo":{"@type":"ImageObject","@id":"https:\/\/equalisveterinaria-ne.com.br\/cursos\/#logo","inLanguage":"pt-BR","url":"https:\/\/equalisveterinaria-ne.com.br\/cursos\/wp-content\/uploads\/2019\/10\/logo-fixed.png","contentUrl":"https:\/\/equalisveterinaria-ne.com.br\/cursos\/wp-content\/uploads\/2019\/10\/logo-fixed.png","width":164,"height":49,"caption":"Equalis Veterin\u00e1ria"},"image":{"@id":"https:\/\/equalisveterinaria-ne.com.br\/cursos\/#logo"}},{"@type":"WebSite","@id":"https:\/\/equalisveterinaria-ne.com.br\/cursos\/#website","url":"https:\/\/equalisveterinaria-ne.com.br\/cursos\/","name":"Equalis Nordeste - Cursos de P\u00f3s Gradua\u00e7\u00e3o em Medicina Veterin\u00e1ria","description":"Educa\u00e7\u00e3o em Medicina Veterin\u00e1ria","publisher":{"@id":"https:\/\/equalisveterinaria-ne.com.br\/cursos\/#organization"},"potentialAction":[{"@type":"SearchAction","target":{"@type":"EntryPoint","urlTemplate":"https:\/\/equalisveterinaria-ne.com.br\/cursos\/?s={search_term_string}"},"query-input":"required name=search_term_string"}],"inLanguage":"pt-BR"},{"@type":"ImageObject","@id":"https:\/\/equalisveterinaria-ne.com.br\/cursos\/classificacao-das-cordas-tendineas\/#primaryimage","inLanguage":"pt-BR","url":"https:\/\/equalisveterinaria-ne.com.br\/cursos\/wp-content\/uploads\/2023\/03\/Cordas-Tendineas-01.jpg","contentUrl":"https:\/\/equalisveterinaria-ne.com.br\/cursos\/wp-content\/uploads\/2023\/03\/Cordas-Tendineas-01.jpg","width":491,"height":463},{"@type":"WebPage","@id":"https:\/\/equalisveterinaria-ne.com.br\/cursos\/classificacao-das-cordas-tendineas\/#webpage","url":"https:\/\/equalisveterinaria-ne.com.br\/cursos\/classificacao-das-cordas-tendineas\/","name":"Classifica\u00e7\u00e3o das Cordas Tend\u00edneas - Equalis Nordeste - Cursos de P\u00f3s Gradua\u00e7\u00e3o em Medicina Veterin\u00e1ria","isPartOf":{"@id":"https:\/\/equalisveterinaria-ne.com.br\/cursos\/#website"},"primaryImageOfPage":{"@id":"https:\/\/equalisveterinaria-ne.com.br\/cursos\/classificacao-das-cordas-tendineas\/#primaryimage"},"datePublished":"2023-03-30T17:05:02+00:00","dateModified":"2023-03-31T17:28:16+00:00","breadcrumb":{"@id":"https:\/\/equalisveterinaria-ne.com.br\/cursos\/classificacao-das-cordas-tendineas\/#breadcrumb"},"inLanguage":"pt-BR","potentialAction":[{"@type":"ReadAction","target":["https:\/\/equalisveterinaria-ne.com.br\/cursos\/classificacao-das-cordas-tendineas\/"]}]},{"@type":"BreadcrumbList","@id":"https:\/\/equalisveterinaria-ne.com.br\/cursos\/classificacao-das-cordas-tendineas\/#breadcrumb","itemListElement":[{"@type":"ListItem","position":1,"name":"Home","item":"https:\/\/equalisveterinaria-ne.com.br\/cursos\/"},{"@type":"ListItem","position":2,"name":"Classifica\u00e7\u00e3o das Cordas Tend\u00edneas"}]},{"@type":"Article","@id":"https:\/\/equalisveterinaria-ne.com.br\/cursos\/classificacao-das-cordas-tendineas\/#article","isPartOf":{"@id":"https:\/\/equalisveterinaria-ne.com.br\/cursos\/classificacao-das-cordas-tendineas\/#webpage"},"author":{"@id":"https:\/\/equalisveterinaria-ne.com.br\/cursos\/#\/schema\/person\/d3f279bf80b982b9f354953edb966d74"},"headline":"Classifica\u00e7\u00e3o das Cordas Tend\u00edneas","datePublished":"2023-03-30T17:05:02+00:00","dateModified":"2023-03-31T17:28:16+00:00","mainEntityOfPage":{"@id":"https:\/\/equalisveterinaria-ne.com.br\/cursos\/classificacao-das-cordas-tendineas\/#webpage"},"wordCount":454,"publisher":{"@id":"https:\/\/equalisveterinaria-ne.com.br\/cursos\/#organization"},"image":{"@id":"https:\/\/equalisveterinaria-ne.com.br\/cursos\/classificacao-das-cordas-tendineas\/#primaryimage"},"thumbnailUrl":"https:\/\/equalisveterinaria-ne.com.br\/cursos\/wp-content\/uploads\/2023\/03\/Cordas-Tendineas-01.jpg","articleSection":["Blog"],"inLanguage":"pt-BR"},{"@type":"Person","@id":"https:\/\/equalisveterinaria-ne.com.br\/cursos\/#\/schema\/person\/d3f279bf80b982b9f354953edb966d74","name":"Ilvio Vidal","image":{"@type":"ImageObject","@id":"https:\/\/equalisveterinaria-ne.com.br\/cursos\/#personlogo","inLanguage":"pt-BR","url":"https:\/\/secure.gravatar.com\/avatar\/9cc5dffbbdf533180024c9071d2030c1?s=96&d=mm&r=g","contentUrl":"https:\/\/secure.gravatar.com\/avatar\/9cc5dffbbdf533180024c9071d2030c1?s=96&d=mm&r=g","caption":"Ilvio Vidal"}}]}},"_links":{"self":[{"href":"https:\/\/equalisveterinaria-ne.com.br\/cursos\/wp-json\/wp\/v2\/posts\/31699"}],"collection":[{"href":"https:\/\/equalisveterinaria-ne.com.br\/cursos\/wp-json\/wp\/v2\/posts"}],"about":[{"href":"https:\/\/equalisveterinaria-ne.com.br\/cursos\/wp-json\/wp\/v2\/types\/post"}],"author":[{"embeddable":true,"href":"https:\/\/equalisveterinaria-ne.com.br\/cursos\/wp-json\/wp\/v2\/users\/432"}],"replies":[{"embeddable":true,"href":"https:\/\/equalisveterinaria-ne.com.br\/cursos\/wp-json\/wp\/v2\/comments?post=31699"}],"version-history":[{"count":3,"href":"https:\/\/equalisveterinaria-ne.com.br\/cursos\/wp-json\/wp\/v2\/posts\/31699\/revisions"}],"predecessor-version":[{"id":31705,"href":"https:\/\/equalisveterinaria-ne.com.br\/cursos\/wp-json\/wp\/v2\/posts\/31699\/revisions\/31705"}],"wp:featuredmedia":[{"embeddable":true,"href":"https:\/\/equalisveterinaria-ne.com.br\/cursos\/wp-json\/wp\/v2\/media\/31700"}],"wp:attachment":[{"href":"https:\/\/equalisveterinaria-ne.com.br\/cursos\/wp-json\/wp\/v2\/media?parent=31699"}],"wp:term":[{"taxonomy":"category","embeddable":true,"href":"https:\/\/equalisveterinaria-ne.com.br\/cursos\/wp-json\/wp\/v2\/categories?post=31699"},{"taxonomy":"post_tag","embeddable":true,"href":"https:\/\/equalisveterinaria-ne.com.br\/cursos\/wp-json\/wp\/v2\/tags?post=31699"}],"curies":[{"name":"wp","href":"https:\/\/api.w.org\/{rel}","templated":true}]}}